{"id":6916,"date":"2023-10-07T12:10:41","date_gmt":"2023-10-07T12:10:41","guid":{"rendered":"https:\/\/face.unt.edu.ar\/web\/iadmin\/?p=6916"},"modified":"2023-10-07T12:10:41","modified_gmt":"2023-10-07T12:10:41","slug":"charla-mi-experiencia-profesional-como-licenciada-en-administracion-conociendo-el-mundo-de-las-startups-2","status":"publish","type":"post","link":"https:\/\/face.unt.edu.ar\/web\/iadmin\/charla-mi-experiencia-profesional-como-licenciada-en-administracion-conociendo-el-mundo-de-las-startups-2\/","title":{"rendered":"Charla: Mi experiencia Profesional como Licenciada en Administraci\u00f3n: Conociendo el mundo de las Startups"},"content":{"rendered":"<p style=\"font-weight: 400\">El d\u00eda mi\u00e9rcoles 04\/10 se llev\u00f3 a cabo la charla\u00a0\u201cMi experiencia Profesional como Licenciada en Administraci\u00f3n: Conociendo el mundo de las Startups\u201d, a cargo de la Lic.\u00a0Vanessa Castellano<\/p>\n<p style=\"font-weight: 400\">Organizado por la C\u00e1tedra Pr\u00e1ctica Profesional de la Licenciatura en Administraci\u00f3n<\/p>\n<p style=\"font-weight: 400\"><a href=\"https:\/\/face.unt.edu.ar\/web\/iadmin\/wp-content\/uploads\/sites\/2\/2023\/10\/4-2-1.jpg\"><img decoding=\"async\" loading=\"lazy\" class=\"size-medium wp-image-6918 alignleft\" src=\"https:\/\/face.unt.edu.ar\/web\/iadmin\/wp-content\/uploads\/sites\/2\/2023\/10\/4-2-1-300x169.jpg\" alt=\"\" width=\"300\" height=\"169\" srcset=\"https:\/\/face.unt.edu.ar\/web\/iadmin\/wp-content\/uploads\/sites\/2\/2023\/10\/4-2-1-300x169.jpg 300w, https:\/\/face.unt.edu.ar\/web\/iadmin\/wp-content\/uploads\/sites\/2\/2023\/10\/4-2-1-1024x576.jpg 1024w, https:\/\/face.unt.edu.ar\/web\/iadmin\/wp-content\/uploads\/sites\/2\/2023\/10\/4-2-1-768x432.jpg 768w, https:\/\/face.unt.edu.ar\/web\/iadmin\/wp-content\/uploads\/sites\/2\/2023\/10\/4-2-1-1536x864.jpg 1536w, https:\/\/face.unt.edu.ar\/web\/iadmin\/wp-content\/uploads\/sites\/2\/2023\/10\/4-2-1.jpg 1920w\" sizes=\"(max-width: 300px) 100vw, 300px\" \/><\/a> <a href=\"https:\/\/face.unt.edu.ar\/web\/iadmin\/wp-content\/uploads\/sites\/2\/2023\/10\/1-1.jpg\"><img decoding=\"async\" loading=\"lazy\" class=\"size-medium wp-image-6919 alignright\" src=\"https:\/\/face.unt.edu.ar\/web\/iadmin\/wp-content\/uploads\/sites\/2\/2023\/10\/1-1-300x169.jpg\" alt=\"\" width=\"300\" height=\"169\" srcset=\"https:\/\/face.unt.edu.ar\/web\/iadmin\/wp-content\/uploads\/sites\/2\/2023\/10\/1-1-300x169.jpg 300w, https:\/\/face.unt.edu.ar\/web\/iadmin\/wp-content\/uploads\/sites\/2\/2023\/10\/1-1-1024x576.jpg 1024w, https:\/\/face.unt.edu.ar\/web\/iadmin\/wp-content\/uploads\/sites\/2\/2023\/10\/1-1-768x432.jpg 768w, https:\/\/face.unt.edu.ar\/web\/iadmin\/wp-content\/uploads\/sites\/2\/2023\/10\/1-1-1536x864.jpg 1536w, https:\/\/face.unt.edu.ar\/web\/iadmin\/wp-content\/uploads\/sites\/2\/2023\/10\/1-1.jpg 1920w\" sizes=\"(max-width: 300px) 100vw, 300px\" \/><\/a> <a href=\"https:\/\/face.unt.edu.ar\/web\/iadmin\/wp-content\/uploads\/sites\/2\/2023\/10\/2-2.jpg\"><img decoding=\"async\" loading=\"lazy\" class=\"size-medium wp-image-6920 alignleft\" src=\"https:\/\/face.unt.edu.ar\/web\/iadmin\/wp-content\/uploads\/sites\/2\/2023\/10\/2-2-300x169.jpg\" alt=\"\" width=\"300\" height=\"169\" srcset=\"https:\/\/face.unt.edu.ar\/web\/iadmin\/wp-content\/uploads\/sites\/2\/2023\/10\/2-2-300x169.jpg 300w, https:\/\/face.unt.edu.ar\/web\/iadmin\/wp-content\/uploads\/sites\/2\/2023\/10\/2-2-1024x576.jpg 1024w, https:\/\/face.unt.edu.ar\/web\/iadmin\/wp-content\/uploads\/sites\/2\/2023\/10\/2-2-768x432.jpg 768w, https:\/\/face.unt.edu.ar\/web\/iadmin\/wp-content\/uploads\/sites\/2\/2023\/10\/2-2-1536x864.jpg 1536w, https:\/\/face.unt.edu.ar\/web\/iadmin\/wp-content\/uploads\/sites\/2\/2023\/10\/2-2.jpg 1920w\" sizes=\"(max-width: 300px) 100vw, 300px\" \/><\/a> <a href=\"https:\/\/face.unt.edu.ar\/web\/iadmin\/wp-content\/uploads\/sites\/2\/2023\/10\/3-1.jpg\"><img decoding=\"async\" loading=\"lazy\" class=\"size-medium wp-image-6921 alignright\" src=\"https:\/\/face.unt.edu.ar\/web\/iadmin\/wp-content\/uploads\/sites\/2\/2023\/10\/3-1-300x169.jpg\" alt=\"\" width=\"300\" height=\"169\" srcset=\"https:\/\/face.unt.edu.ar\/web\/iadmin\/wp-content\/uploads\/sites\/2\/2023\/10\/3-1-300x169.jpg 300w, https:\/\/face.unt.edu.ar\/web\/iadmin\/wp-content\/uploads\/sites\/2\/2023\/10\/3-1-1024x576.jpg 1024w, https:\/\/face.unt.edu.ar\/web\/iadmin\/wp-content\/uploads\/sites\/2\/2023\/10\/3-1-768x432.jpg 768w, https:\/\/face.unt.edu.ar\/web\/iadmin\/wp-content\/uploads\/sites\/2\/2023\/10\/3-1-1536x864.jpg 1536w, https:\/\/face.unt.edu.ar\/web\/iadmin\/wp-content\/uploads\/sites\/2\/2023\/10\/3-1.jpg 1920w\" sizes=\"(max-width: 300px) 100vw, 300px\" \/><\/a><\/p>\n<p>&nbsp;<\/p>\n<p>&nbsp;<\/p>\n<p>&nbsp;<\/p>\n<p>&nbsp;<\/p>\n<p>&nbsp;<\/p>\n<p>&nbsp;<\/p>\n<p>&nbsp;<\/p>\n<p>&nbsp;<\/p>\n<p style=\"font-weight: 400\">Puedes disfrutar el encuentro completo en nuestro canal de YouTube<\/p>\n<p style=\"font-weight: 400\">\n<p><iframe loading=\"lazy\" title=\"PP 25 Charla : Conociendo el mundo de las Startups\" width=\"696\" height=\"392\" src=\"https:\/\/www.youtube.com\/embed\/AuUrIJajpNE?feature=oembed\" frameborder=\"0\" allow=\"accelerometer; autoplay; clipboard-write; encrypted-media; gyroscope; picture-in-picture; web-share\" allowfullscreen><\/iframe><\/p>\n","protected":false},"excerpt":{"rendered":"<p>El d\u00eda mi\u00e9rcoles 04\/10 se llev\u00f3 a cabo la charla\u00a0\u201cMi experiencia Profesional como Licenciada en Administraci\u00f3n: Conociendo el mundo de las Startups\u201d, a cargo de la Lic.\u00a0Vanessa Castellano Organizado por la C\u00e1tedra Pr\u00e1ctica Profesional de la Licenciatura en Administraci\u00f3n &nbsp; &nbsp; &nbsp; &nbsp; &nbsp; &nbsp; &nbsp; &nbsp; Puedes disfrutar el encuentro completo en nuestro canal [&hellip;]<\/p>\n","protected":false},"author":9,"featured_media":6917,"comment_status":"open","ping_status":"open","sticky":false,"template":"","format":"standard","meta":{"footnotes":""},"categories":[4,14],"tags":[],"_links":{"self":[{"href":"https:\/\/face.unt.edu.ar\/web\/iadmin\/wp-json\/wp\/v2\/posts\/6916"}],"collection":[{"href":"https:\/\/face.unt.edu.ar\/web\/iadmin\/wp-json\/wp\/v2\/posts"}],"about":[{"href":"https:\/\/face.unt.edu.ar\/web\/iadmin\/wp-json\/wp\/v2\/types\/post"}],"author":[{"embeddable":true,"href":"https:\/\/face.unt.edu.ar\/web\/iadmin\/wp-json\/wp\/v2\/users\/9"}],"replies":[{"embeddable":true,"href":"https:\/\/face.unt.edu.ar\/web\/iadmin\/wp-json\/wp\/v2\/comments?post=6916"}],"version-history":[{"count":1,"href":"https:\/\/face.unt.edu.ar\/web\/iadmin\/wp-json\/wp\/v2\/posts\/6916\/revisions"}],"predecessor-version":[{"id":6922,"href":"https:\/\/face.unt.edu.ar\/web\/iadmin\/wp-json\/wp\/v2\/posts\/6916\/revisions\/6922"}],"wp:featuredmedia":[{"embeddable":true,"href":"https:\/\/face.unt.edu.ar\/web\/iadmin\/wp-json\/wp\/v2\/media\/6917"}],"wp:attachment":[{"href":"https:\/\/face.unt.edu.ar\/web\/iadmin\/wp-json\/wp\/v2\/media?parent=6916"}],"wp:term":[{"taxonomy":"category","embeddable":true,"href":"https:\/\/face.unt.edu.ar\/web\/iadmin\/wp-json\/wp\/v2\/categories?post=6916"},{"taxonomy":"post_tag","embeddable":true,"href":"https:\/\/face.unt.edu.ar\/web\/iadmin\/wp-json\/wp\/v2\/tags?post=6916"}],"curies":[{"name":"wp","href":"https:\/\/api.w.org\/{rel}","templated":true}]}}