{"id":7162,"date":"2023-12-06T16:01:08","date_gmt":"2023-12-06T16:01:08","guid":{"rendered":"https:\/\/face.unt.edu.ar\/web\/iadmin\/?p=7162"},"modified":"2024-09-12T12:24:06","modified_gmt":"2024-09-12T12:24:06","slug":"revista-adenag-no-13-publico-un-trabajo-realizado-por-los-docentes-de-la-face","status":"publish","type":"post","link":"https:\/\/face.unt.edu.ar\/web\/iadmin\/revista-adenag-no-13-publico-un-trabajo-realizado-por-los-docentes-de-la-face\/","title":{"rendered":"Revista ADENAG, N\u00ba 13 public\u00f3 un trabajo realizado por\u00a0los docentes de la FACE"},"content":{"rendered":"<p>La Revista ADENAG en su N\u00famero 13 public\u00f3 un trabajo realizado por\u00a0los docentes de nuestra Casa de Estudios:\u00a0<strong>Esp. Marcelo Medina Galv\u00e1n <\/strong>y\u00a0<strong>Lic. Victoria Agostina Corbalan Parada<\/strong>, titulado\u00a0<strong>\u201cModelo de Evaluaci\u00f3n de la Mudez Organizacional\u201d<\/strong>.<\/p>\n<p>Se trata de un trabajo realizado con el apoyo de la Secretar\u00eda de Ciencia, Arte e Innovaci\u00f3n Tecnol\u00f3gica de la Universidad Nacional de Tucum\u00e1n, Argentina (CIUNT)\u00a0<strong>Proyecto PIUNT 714<\/strong>.<\/p>\n<p>La Revista ADENAG es el \u00f3rgano de promoci\u00f3n y difusi\u00f3n de publicaciones cient\u00edfico-acad\u00e9micas de la Asociaci\u00f3n de Docentes Nacionales de Administraci\u00f3n General de la Rep\u00fablica Argentina, dirigidas al \u00e1mbito acad\u00e9mico nacional e internacional, con el objetivo de contribuir al conocimiento de la Ciencia de la Administraci\u00f3n y disciplinas afines.<\/p>\n<p>Se edita on-line con una periodicidad anual, mediante convocatoria abierta en forma permanente.<\/p>\n<p><strong>Puede consultarse la edici\u00f3n de la revista en:\u00a0 <\/strong><a href=\"https:\/\/revista.adenag.org.ar\/index.php\/ediciones\/issue\/view\/15\">https:\/\/revista.adenag.org.ar\/index.php\/ediciones\/issue\/view\/15<\/a><\/p>\n<p><strong>Y el art\u00edculo en: <\/strong><a href=\"https:\/\/revista.adenag.org.ar\/index.php\/ediciones\/article\/view\/142\/381\">https:\/\/revista.adenag.org.ar\/index.php\/ediciones\/article\/view\/142\/381<\/a><\/p>\n<p>&nbsp;<\/p>\n<p>&nbsp;<\/p>\n","protected":false},"excerpt":{"rendered":"<p>La Revista ADENAG en su N\u00famero 13 public\u00f3 un trabajo realizado por\u00a0los docentes de nuestra Casa de Estudios:\u00a0Esp. Marcelo Medina Galv\u00e1n y\u00a0Lic. Victoria Agostina Corbalan Parada, titulado\u00a0\u201cModelo de Evaluaci\u00f3n de la Mudez Organizacional\u201d. Se trata de un trabajo realizado con el apoyo de la Secretar\u00eda de Ciencia, Arte e Innovaci\u00f3n Tecnol\u00f3gica de la Universidad Nacional [&hellip;]<\/p>\n","protected":false},"author":9,"featured_media":7164,"comment_status":"open","ping_status":"open","sticky":false,"template":"","format":"standard","meta":{"footnotes":""},"categories":[4,14],"tags":[],"_links":{"self":[{"href":"https:\/\/face.unt.edu.ar\/web\/iadmin\/wp-json\/wp\/v2\/posts\/7162"}],"collection":[{"href":"https:\/\/face.unt.edu.ar\/web\/iadmin\/wp-json\/wp\/v2\/posts"}],"about":[{"href":"https:\/\/face.unt.edu.ar\/web\/iadmin\/wp-json\/wp\/v2\/types\/post"}],"author":[{"embeddable":true,"href":"https:\/\/face.unt.edu.ar\/web\/iadmin\/wp-json\/wp\/v2\/users\/9"}],"replies":[{"embeddable":true,"href":"https:\/\/face.unt.edu.ar\/web\/iadmin\/wp-json\/wp\/v2\/comments?post=7162"}],"version-history":[{"count":1,"href":"https:\/\/face.unt.edu.ar\/web\/iadmin\/wp-json\/wp\/v2\/posts\/7162\/revisions"}],"predecessor-version":[{"id":7163,"href":"https:\/\/face.unt.edu.ar\/web\/iadmin\/wp-json\/wp\/v2\/posts\/7162\/revisions\/7163"}],"wp:featuredmedia":[{"embeddable":true,"href":"https:\/\/face.unt.edu.ar\/web\/iadmin\/wp-json\/wp\/v2\/media\/7164"}],"wp:attachment":[{"href":"https:\/\/face.unt.edu.ar\/web\/iadmin\/wp-json\/wp\/v2\/media?parent=7162"}],"wp:term":[{"taxonomy":"category","embeddable":true,"href":"https:\/\/face.unt.edu.ar\/web\/iadmin\/wp-json\/wp\/v2\/categories?post=7162"},{"taxonomy":"post_tag","embeddable":true,"href":"https:\/\/face.unt.edu.ar\/web\/iadmin\/wp-json\/wp\/v2\/tags?post=7162"}],"curies":[{"name":"wp","href":"https:\/\/api.w.org\/{rel}","templated":true}]}}