{"id":7962,"date":"2024-05-07T21:40:35","date_gmt":"2024-05-07T21:40:35","guid":{"rendered":"https:\/\/face.unt.edu.ar\/web\/iadmin\/?p=7962"},"modified":"2024-09-12T12:20:48","modified_gmt":"2024-09-12T12:20:48","slug":"charla-analisis-de-discurso-sujeto-y-lazo-social-aportes-desde-la-semiosis-social","status":"publish","type":"post","link":"https:\/\/face.unt.edu.ar\/web\/iadmin\/charla-analisis-de-discurso-sujeto-y-lazo-social-aportes-desde-la-semiosis-social\/","title":{"rendered":"Charla  &#8211; An\u00e1lisis de discurso: sujeto y lazo social. Aportes desde la Semiosis Social"},"content":{"rendered":"<p>El d\u00eda lunes 6\/5 se llev\u00f3 a cabo la Charla \u201cAn\u00e1lisis de discurso: sujeto y lazo social. Aportes desde la Semiosis Social\u201d, a cargo de la Lic. Psic. Carina Garc\u00eda Sir &#8211; Docente e Investigadora de la Facultad de Psicolog\u00eda de la UNT. Organizada por la C\u00e1tedra: Taller de Metodolog\u00eda de Investigaci\u00f3n en Administraci\u00f3n.<\/p>\n<p><a href=\"https:\/\/face.unt.edu.ar\/web\/iadmin\/wp-content\/uploads\/sites\/2\/2024\/05\/Diseno-sin-titulo-3.jpg\"><img decoding=\"async\" loading=\"lazy\" class=\"size-medium wp-image-7964 alignleft\" src=\"https:\/\/face.unt.edu.ar\/web\/iadmin\/wp-content\/uploads\/sites\/2\/2024\/05\/Diseno-sin-titulo-3-300x222.jpg\" alt=\"\" width=\"300\" height=\"222\" srcset=\"https:\/\/face.unt.edu.ar\/web\/iadmin\/wp-content\/uploads\/sites\/2\/2024\/05\/Diseno-sin-titulo-3-300x222.jpg 300w, https:\/\/face.unt.edu.ar\/web\/iadmin\/wp-content\/uploads\/sites\/2\/2024\/05\/Diseno-sin-titulo-3-1024x757.jpg 1024w, https:\/\/face.unt.edu.ar\/web\/iadmin\/wp-content\/uploads\/sites\/2\/2024\/05\/Diseno-sin-titulo-3-768x567.jpg 768w, https:\/\/face.unt.edu.ar\/web\/iadmin\/wp-content\/uploads\/sites\/2\/2024\/05\/Diseno-sin-titulo-3.jpg 1080w\" sizes=\"(max-width: 300px) 100vw, 300px\" \/><\/a> <a href=\"https:\/\/face.unt.edu.ar\/web\/iadmin\/wp-content\/uploads\/sites\/2\/2024\/05\/Diseno-sin-titulo-1.jpg\"><img decoding=\"async\" loading=\"lazy\" class=\"size-medium wp-image-7963 alignright\" src=\"https:\/\/face.unt.edu.ar\/web\/iadmin\/wp-content\/uploads\/sites\/2\/2024\/05\/Diseno-sin-titulo-1-300x224.jpg\" alt=\"\" width=\"300\" height=\"224\" srcset=\"https:\/\/face.unt.edu.ar\/web\/iadmin\/wp-content\/uploads\/sites\/2\/2024\/05\/Diseno-sin-titulo-1-300x224.jpg 300w, https:\/\/face.unt.edu.ar\/web\/iadmin\/wp-content\/uploads\/sites\/2\/2024\/05\/Diseno-sin-titulo-1-1024x763.jpg 1024w, https:\/\/face.unt.edu.ar\/web\/iadmin\/wp-content\/uploads\/sites\/2\/2024\/05\/Diseno-sin-titulo-1-768x572.jpg 768w, https:\/\/face.unt.edu.ar\/web\/iadmin\/wp-content\/uploads\/sites\/2\/2024\/05\/Diseno-sin-titulo-1-265x198.jpg 265w, https:\/\/face.unt.edu.ar\/web\/iadmin\/wp-content\/uploads\/sites\/2\/2024\/05\/Diseno-sin-titulo-1-530x396.jpg 530w, https:\/\/face.unt.edu.ar\/web\/iadmin\/wp-content\/uploads\/sites\/2\/2024\/05\/Diseno-sin-titulo-1.jpg 1080w\" sizes=\"(max-width: 300px) 100vw, 300px\" \/><\/a> <a href=\"https:\/\/face.unt.edu.ar\/web\/iadmin\/wp-content\/uploads\/sites\/2\/2024\/05\/Diseno-sin-titulo-4.jpg\"><img decoding=\"async\" loading=\"lazy\" class=\"aligncenter size-medium wp-image-7965\" src=\"https:\/\/face.unt.edu.ar\/web\/iadmin\/wp-content\/uploads\/sites\/2\/2024\/05\/Diseno-sin-titulo-4-300x227.jpg\" alt=\"\" width=\"300\" height=\"227\" srcset=\"https:\/\/face.unt.edu.ar\/web\/iadmin\/wp-content\/uploads\/sites\/2\/2024\/05\/Diseno-sin-titulo-4-300x227.jpg 300w, https:\/\/face.unt.edu.ar\/web\/iadmin\/wp-content\/uploads\/sites\/2\/2024\/05\/Diseno-sin-titulo-4-1024x774.jpg 1024w, https:\/\/face.unt.edu.ar\/web\/iadmin\/wp-content\/uploads\/sites\/2\/2024\/05\/Diseno-sin-titulo-4-768x580.jpg 768w, https:\/\/face.unt.edu.ar\/web\/iadmin\/wp-content\/uploads\/sites\/2\/2024\/05\/Diseno-sin-titulo-4.jpg 1080w\" sizes=\"(max-width: 300px) 100vw, 300px\" \/><\/a><\/p>\n","protected":false},"excerpt":{"rendered":"<p>El d\u00eda lunes 6\/5 se llev\u00f3 a cabo la Charla \u201cAn\u00e1lisis de discurso: sujeto y lazo social. Aportes desde la Semiosis Social\u201d, a cargo de la Lic. Psic. Carina Garc\u00eda Sir &#8211; Docente e Investigadora de la Facultad de Psicolog\u00eda de la UNT. Organizada por la C\u00e1tedra: Taller de Metodolog\u00eda de Investigaci\u00f3n en Administraci\u00f3n.<\/p>\n","protected":false},"author":9,"featured_media":7966,"comment_status":"open","ping_status":"open","sticky":false,"template":"","format":"standard","meta":{"footnotes":""},"categories":[4,14],"tags":[],"_links":{"self":[{"href":"https:\/\/face.unt.edu.ar\/web\/iadmin\/wp-json\/wp\/v2\/posts\/7962"}],"collection":[{"href":"https:\/\/face.unt.edu.ar\/web\/iadmin\/wp-json\/wp\/v2\/posts"}],"about":[{"href":"https:\/\/face.unt.edu.ar\/web\/iadmin\/wp-json\/wp\/v2\/types\/post"}],"author":[{"embeddable":true,"href":"https:\/\/face.unt.edu.ar\/web\/iadmin\/wp-json\/wp\/v2\/users\/9"}],"replies":[{"embeddable":true,"href":"https:\/\/face.unt.edu.ar\/web\/iadmin\/wp-json\/wp\/v2\/comments?post=7962"}],"version-history":[{"count":1,"href":"https:\/\/face.unt.edu.ar\/web\/iadmin\/wp-json\/wp\/v2\/posts\/7962\/revisions"}],"predecessor-version":[{"id":7967,"href":"https:\/\/face.unt.edu.ar\/web\/iadmin\/wp-json\/wp\/v2\/posts\/7962\/revisions\/7967"}],"wp:featuredmedia":[{"embeddable":true,"href":"https:\/\/face.unt.edu.ar\/web\/iadmin\/wp-json\/wp\/v2\/media\/7966"}],"wp:attachment":[{"href":"https:\/\/face.unt.edu.ar\/web\/iadmin\/wp-json\/wp\/v2\/media?parent=7962"}],"wp:term":[{"taxonomy":"category","embeddable":true,"href":"https:\/\/face.unt.edu.ar\/web\/iadmin\/wp-json\/wp\/v2\/categories?post=7962"},{"taxonomy":"post_tag","embeddable":true,"href":"https:\/\/face.unt.edu.ar\/web\/iadmin\/wp-json\/wp\/v2\/tags?post=7962"}],"curies":[{"name":"wp","href":"https:\/\/api.w.org\/{rel}","templated":true}]}}