{"id":8568,"date":"2024-09-26T12:01:47","date_gmt":"2024-09-26T12:01:47","guid":{"rendered":"https:\/\/face.unt.edu.ar\/web\/iadmin\/?p=8568"},"modified":"2024-10-02T15:55:58","modified_gmt":"2024-10-02T15:55:58","slug":"curso-de-extension-%f0%9f%92%a1-creacion-con-ia-generativa-guia-para-el-ambito-profesional-%f0%9f%92%a1","status":"publish","type":"post","link":"https:\/\/face.unt.edu.ar\/web\/iadmin\/curso-de-extension-%f0%9f%92%a1-creacion-con-ia-generativa-guia-para-el-ambito-profesional-%f0%9f%92%a1\/","title":{"rendered":"Curso de extensi\u00f3n:  Creaci\u00f3n con IA Generativa: Gu\u00eda para el \u00e1mbito profesional"},"content":{"rendered":"<p>\u00bfQuieres aprender c\u00f3mo la IA generativa puede transformar tu trabajo? \ud83d\ude80 Este curso te ense\u00f1ar\u00e1 c\u00f3mo aprovechar esta tecnolog\u00eda en el mundo profesional. \ud83e\udde0\ud83d\udcbc<\/p>\n<p>\ud83d\udcda Modalidad h\u00edbrida<br \/>\n\ud83d\udc68\u200d\ud83c\udfeb Docente: Lic. Esteban Mulki<br \/>\n\ud83d\udcc5 Lunes y mi\u00e9rcoles<br \/>\n\ud83d\udd62 18:30 a 21:30 hs<br \/>\n\ud83d\udc65 Destinatarios: P\u00fablico en general<br \/>\n\ud83d\udcc6 Inicio: Lunes 28\/10<\/p>\n<p>\ud83d\udd17 \u00a1Inscribite ya para no perderte esta oportunidad! \ud83d\udc49 https:\/\/acortar.link\/IfV2kK<\/p>\n<p>\ud83d\udccd Organizado por:<br \/>\nCentro de Capacitaci\u00f3n Continua &#8211; Facultad de Ciencias Econ\u00f3micas &#8211; Universidad Nacional de Tucum\u00e1n.<\/p>\n<p><strong>Mas informaci\u00f3n:<\/strong> https:\/\/sites.google.com\/face.unt.edu.ar\/capacitacion-face\/inicio<\/p>\n","protected":false},"excerpt":{"rendered":"<p>\u00bfQuieres aprender c\u00f3mo la IA generativa puede transformar tu trabajo? \ud83d\ude80 Este curso te ense\u00f1ar\u00e1 c\u00f3mo aprovechar esta tecnolog\u00eda en el mundo profesional. \ud83e\udde0\ud83d\udcbc \ud83d\udcda Modalidad h\u00edbrida \ud83d\udc68\u200d\ud83c\udfeb Docente: Lic. Esteban Mulki \ud83d\udcc5 Lunes y mi\u00e9rcoles \ud83d\udd62 18:30 a 21:30 hs \ud83d\udc65 Destinatarios: P\u00fablico en general \ud83d\udcc6 Inicio: Lunes 28\/10 \ud83d\udd17 \u00a1Inscribite ya para no [&hellip;]<\/p>\n","protected":false},"author":9,"featured_media":8569,"comment_status":"open","ping_status":"open","sticky":false,"template":"","format":"standard","meta":{"footnotes":""},"categories":[4,14],"tags":[],"_links":{"self":[{"href":"https:\/\/face.unt.edu.ar\/web\/iadmin\/wp-json\/wp\/v2\/posts\/8568"}],"collection":[{"href":"https:\/\/face.unt.edu.ar\/web\/iadmin\/wp-json\/wp\/v2\/posts"}],"about":[{"href":"https:\/\/face.unt.edu.ar\/web\/iadmin\/wp-json\/wp\/v2\/types\/post"}],"author":[{"embeddable":true,"href":"https:\/\/face.unt.edu.ar\/web\/iadmin\/wp-json\/wp\/v2\/users\/9"}],"replies":[{"embeddable":true,"href":"https:\/\/face.unt.edu.ar\/web\/iadmin\/wp-json\/wp\/v2\/comments?post=8568"}],"version-history":[{"count":3,"href":"https:\/\/face.unt.edu.ar\/web\/iadmin\/wp-json\/wp\/v2\/posts\/8568\/revisions"}],"predecessor-version":[{"id":8610,"href":"https:\/\/face.unt.edu.ar\/web\/iadmin\/wp-json\/wp\/v2\/posts\/8568\/revisions\/8610"}],"wp:featuredmedia":[{"embeddable":true,"href":"https:\/\/face.unt.edu.ar\/web\/iadmin\/wp-json\/wp\/v2\/media\/8569"}],"wp:attachment":[{"href":"https:\/\/face.unt.edu.ar\/web\/iadmin\/wp-json\/wp\/v2\/media?parent=8568"}],"wp:term":[{"taxonomy":"category","embeddable":true,"href":"https:\/\/face.unt.edu.ar\/web\/iadmin\/wp-json\/wp\/v2\/categories?post=8568"},{"taxonomy":"post_tag","embeddable":true,"href":"https:\/\/face.unt.edu.ar\/web\/iadmin\/wp-json\/wp\/v2\/tags?post=8568"}],"curies":[{"name":"wp","href":"https:\/\/api.w.org\/{rel}","templated":true}]}}