{"id":9243,"date":"2025-04-03T14:43:23","date_gmt":"2025-04-03T14:43:23","guid":{"rendered":"https:\/\/face.unt.edu.ar\/web\/iadmin\/?p=9243"},"modified":"2025-04-14T17:02:45","modified_gmt":"2025-04-14T17:02:45","slug":"2-de-abril-dia-del-veterano-y-de-los-caidos-en-la-guerra-de-malvinas","status":"publish","type":"post","link":"https:\/\/face.unt.edu.ar\/web\/iadmin\/2-de-abril-dia-del-veterano-y-de-los-caidos-en-la-guerra-de-malvinas\/","title":{"rendered":"2 de abril \u2013 D\u00eda del Veterano y de los Ca\u00eddos en la Guerra de Malvinas."},"content":{"rendered":"<p>A 42 a\u00f1os del conflicto, recordamos con orgullo y respeto a quienes defendieron nuestra soberan\u00eda. Honor a los h\u00e9roes que volvieron y eterno reconocimiento a los que quedaron en nuestras islas.<br \/>\n#MalvinasArgentinas #2DeAbril #HonorYMemoria<\/p>\n","protected":false},"excerpt":{"rendered":"<p>A 42 a\u00f1os del conflicto, recordamos con orgullo y respeto a quienes defendieron nuestra soberan\u00eda. Honor a los h\u00e9roes que volvieron y eterno reconocimiento a los que quedaron en nuestras islas. #MalvinasArgentinas #2DeAbril #HonorYMemoria<\/p>\n","protected":false},"author":9,"featured_media":9244,"comment_status":"open","ping_status":"open","sticky":false,"template":"","format":"standard","meta":{"footnotes":""},"categories":[4,14],"tags":[],"_links":{"self":[{"href":"https:\/\/face.unt.edu.ar\/web\/iadmin\/wp-json\/wp\/v2\/posts\/9243"}],"collection":[{"href":"https:\/\/face.unt.edu.ar\/web\/iadmin\/wp-json\/wp\/v2\/posts"}],"about":[{"href":"https:\/\/face.unt.edu.ar\/web\/iadmin\/wp-json\/wp\/v2\/types\/post"}],"author":[{"embeddable":true,"href":"https:\/\/face.unt.edu.ar\/web\/iadmin\/wp-json\/wp\/v2\/users\/9"}],"replies":[{"embeddable":true,"href":"https:\/\/face.unt.edu.ar\/web\/iadmin\/wp-json\/wp\/v2\/comments?post=9243"}],"version-history":[{"count":1,"href":"https:\/\/face.unt.edu.ar\/web\/iadmin\/wp-json\/wp\/v2\/posts\/9243\/revisions"}],"predecessor-version":[{"id":9245,"href":"https:\/\/face.unt.edu.ar\/web\/iadmin\/wp-json\/wp\/v2\/posts\/9243\/revisions\/9245"}],"wp:featuredmedia":[{"embeddable":true,"href":"https:\/\/face.unt.edu.ar\/web\/iadmin\/wp-json\/wp\/v2\/media\/9244"}],"wp:attachment":[{"href":"https:\/\/face.unt.edu.ar\/web\/iadmin\/wp-json\/wp\/v2\/media?parent=9243"}],"wp:term":[{"taxonomy":"category","embeddable":true,"href":"https:\/\/face.unt.edu.ar\/web\/iadmin\/wp-json\/wp\/v2\/categories?post=9243"},{"taxonomy":"post_tag","embeddable":true,"href":"https:\/\/face.unt.edu.ar\/web\/iadmin\/wp-json\/wp\/v2\/tags?post=9243"}],"curies":[{"name":"wp","href":"https:\/\/api.w.org\/{rel}","templated":true}]}}