{"id":9572,"date":"2025-09-07T11:48:11","date_gmt":"2025-09-07T11:48:11","guid":{"rendered":"https:\/\/face.unt.edu.ar\/web\/iadmin\/?p=9572"},"modified":"2025-09-16T12:04:32","modified_gmt":"2025-09-16T12:04:32","slug":"charla-historia-de-zelta-ai-desde-dentro-una-startup-seed-impulsada-por-ia-catedra-sistemas-de-informacion-ii","status":"publish","type":"post","link":"https:\/\/face.unt.edu.ar\/web\/iadmin\/charla-historia-de-zelta-ai-desde-dentro-una-startup-seed-impulsada-por-ia-catedra-sistemas-de-informacion-ii\/","title":{"rendered":"Charla: Historia de Zelta AI desde dentro: una startup seed impulsada por IA &#8211; C\u00e1tedra Sistemas de Informaci\u00f3n II"},"content":{"rendered":"<p>En el marco de la materia Sistemas de Informaci\u00f3n II, recibiremos la visita del Ing. Alejo Boga, Founder Engineer de Zelta AI, egresado de la UNT.<\/p>\n<p>En esta charla hablaremos de la historia de Zelta AI desde dentro: una startup seed impulsada por IA. Un recorrido real con aprendizajes sobre innovaci\u00f3n, iteraci\u00f3n y product-market fit.<\/p>\n<p>\ud83d\udcc5 Martes 9 de Septiembre, 17 hrs.<br \/>\n\ud83d\udccd Aula 10, Facultad de\u00a0Cs.\u00a0Econ\u00f3micas<\/p>\n","protected":false},"excerpt":{"rendered":"<p>En el marco de la materia Sistemas de Informaci\u00f3n II, recibiremos la visita del Ing. Alejo Boga, Founder Engineer de Zelta AI, egresado de la UNT. En esta charla hablaremos de la historia de Zelta AI desde dentro: una startup seed impulsada por IA. Un recorrido real con aprendizajes sobre innovaci\u00f3n, iteraci\u00f3n y product-market fit. [&hellip;]<\/p>\n","protected":false},"author":9,"featured_media":9573,"comment_status":"open","ping_status":"open","sticky":false,"template":"","format":"standard","meta":{"footnotes":""},"categories":[4,14],"tags":[],"_links":{"self":[{"href":"https:\/\/face.unt.edu.ar\/web\/iadmin\/wp-json\/wp\/v2\/posts\/9572"}],"collection":[{"href":"https:\/\/face.unt.edu.ar\/web\/iadmin\/wp-json\/wp\/v2\/posts"}],"about":[{"href":"https:\/\/face.unt.edu.ar\/web\/iadmin\/wp-json\/wp\/v2\/types\/post"}],"author":[{"embeddable":true,"href":"https:\/\/face.unt.edu.ar\/web\/iadmin\/wp-json\/wp\/v2\/users\/9"}],"replies":[{"embeddable":true,"href":"https:\/\/face.unt.edu.ar\/web\/iadmin\/wp-json\/wp\/v2\/comments?post=9572"}],"version-history":[{"count":1,"href":"https:\/\/face.unt.edu.ar\/web\/iadmin\/wp-json\/wp\/v2\/posts\/9572\/revisions"}],"predecessor-version":[{"id":9574,"href":"https:\/\/face.unt.edu.ar\/web\/iadmin\/wp-json\/wp\/v2\/posts\/9572\/revisions\/9574"}],"wp:featuredmedia":[{"embeddable":true,"href":"https:\/\/face.unt.edu.ar\/web\/iadmin\/wp-json\/wp\/v2\/media\/9573"}],"wp:attachment":[{"href":"https:\/\/face.unt.edu.ar\/web\/iadmin\/wp-json\/wp\/v2\/media?parent=9572"}],"wp:term":[{"taxonomy":"category","embeddable":true,"href":"https:\/\/face.unt.edu.ar\/web\/iadmin\/wp-json\/wp\/v2\/categories?post=9572"},{"taxonomy":"post_tag","embeddable":true,"href":"https:\/\/face.unt.edu.ar\/web\/iadmin\/wp-json\/wp\/v2\/tags?post=9572"}],"curies":[{"name":"wp","href":"https:\/\/api.w.org\/{rel}","templated":true}]}}