{"id":9578,"date":"2025-09-07T11:56:09","date_gmt":"2025-09-07T11:56:09","guid":{"rendered":"https:\/\/face.unt.edu.ar\/web\/iadmin\/?p=9578"},"modified":"2025-09-16T11:59:45","modified_gmt":"2025-09-16T11:59:45","slug":"charla-abierta-el-profesional-de-ciencias-economicas-como-auditor-de-sistemas-de-informacion-p-profesional-la-y-cp","status":"publish","type":"post","link":"https:\/\/face.unt.edu.ar\/web\/iadmin\/charla-abierta-el-profesional-de-ciencias-economicas-como-auditor-de-sistemas-de-informacion-p-profesional-la-y-cp\/","title":{"rendered":"Charla abierta: El profesional de Ciencias Econ\u00f3micas como Auditor de Sistemas de Informaci\u00f3n &#8211; P.Profesional &#8211; LA y CP"},"content":{"rendered":"<p>En el marco de las asignaturas Pr\u00e1ctica Profesional de la Licenciatura en Administraci\u00f3n y de Contador P\u00fablico, invitamos a participar de la charla abierta: \u00abEl profesional de Ciencias Econ\u00f3micas como Auditor de Sistemas de Informaci\u00f3n\u00bb, a cargo del Mag. Marcelo Garcia.<\/p>\n<p>La misma se llevar\u00e1 a cabo el mi\u00e9rcoles 10\/09 de 18.30 hs. a 20 hs., en el Aula Magna.<\/p>\n<p>Invitamos a docentes, alumnos, y todas las personas interesadas a sumarse a este encuentro.<\/p>\n<p>\u00a1Los esperamos!\ud83e\udde1\ud83d\udc99<\/p>\n","protected":false},"excerpt":{"rendered":"<p>En el marco de las asignaturas Pr\u00e1ctica Profesional de la Licenciatura en Administraci\u00f3n y de Contador P\u00fablico, invitamos a participar de la charla abierta: \u00abEl profesional de Ciencias Econ\u00f3micas como Auditor de Sistemas de Informaci\u00f3n\u00bb, a cargo del Mag. Marcelo Garcia. La misma se llevar\u00e1 a cabo el mi\u00e9rcoles 10\/09 de 18.30 hs. a 20 [&hellip;]<\/p>\n","protected":false},"author":9,"featured_media":9579,"comment_status":"open","ping_status":"open","sticky":false,"template":"","format":"standard","meta":{"footnotes":""},"categories":[4,14],"tags":[],"_links":{"self":[{"href":"https:\/\/face.unt.edu.ar\/web\/iadmin\/wp-json\/wp\/v2\/posts\/9578"}],"collection":[{"href":"https:\/\/face.unt.edu.ar\/web\/iadmin\/wp-json\/wp\/v2\/posts"}],"about":[{"href":"https:\/\/face.unt.edu.ar\/web\/iadmin\/wp-json\/wp\/v2\/types\/post"}],"author":[{"embeddable":true,"href":"https:\/\/face.unt.edu.ar\/web\/iadmin\/wp-json\/wp\/v2\/users\/9"}],"replies":[{"embeddable":true,"href":"https:\/\/face.unt.edu.ar\/web\/iadmin\/wp-json\/wp\/v2\/comments?post=9578"}],"version-history":[{"count":1,"href":"https:\/\/face.unt.edu.ar\/web\/iadmin\/wp-json\/wp\/v2\/posts\/9578\/revisions"}],"predecessor-version":[{"id":9580,"href":"https:\/\/face.unt.edu.ar\/web\/iadmin\/wp-json\/wp\/v2\/posts\/9578\/revisions\/9580"}],"wp:featuredmedia":[{"embeddable":true,"href":"https:\/\/face.unt.edu.ar\/web\/iadmin\/wp-json\/wp\/v2\/media\/9579"}],"wp:attachment":[{"href":"https:\/\/face.unt.edu.ar\/web\/iadmin\/wp-json\/wp\/v2\/media?parent=9578"}],"wp:term":[{"taxonomy":"category","embeddable":true,"href":"https:\/\/face.unt.edu.ar\/web\/iadmin\/wp-json\/wp\/v2\/categories?post=9578"},{"taxonomy":"post_tag","embeddable":true,"href":"https:\/\/face.unt.edu.ar\/web\/iadmin\/wp-json\/wp\/v2\/tags?post=9578"}],"curies":[{"name":"wp","href":"https:\/\/api.w.org\/{rel}","templated":true}]}}