{"id":9640,"date":"2025-09-22T11:56:57","date_gmt":"2025-09-22T11:56:57","guid":{"rendered":"https:\/\/face.unt.edu.ar\/web\/iadmin\/?p=9640"},"modified":"2025-09-22T11:56:57","modified_gmt":"2025-09-22T11:56:57","slug":"charla-abierta-el-rol-del-licenciado-en-administracion-en-el-area-comercial","status":"publish","type":"post","link":"https:\/\/face.unt.edu.ar\/web\/iadmin\/charla-abierta-el-rol-del-licenciado-en-administracion-en-el-area-comercial\/","title":{"rendered":"Charla Abierta: El rol del Licenciado en Administraci\u00f3n en el \u00e1rea comercial"},"content":{"rendered":"<p>En el marco de la asignatura Pr\u00e1ctica Profesional de la Licenciatura en Administraci\u00f3n, invitamos a participar de la Charla Abierta \u201cEl rol del Licenciado en Administraci\u00f3n en el \u00e1rea comercial\u201d, a cargo de la Lic. Sofia Ledesma y del Lic. Francisco Villavicencio.<\/p>\n<p>La misma se llevar\u00e1 a cabo este lunes 29\/09 de 18.30hs a 20 hs. en el aula 16.<\/p>\n<p>Invitamos a docentes, alumnos, y todas las personas interesadas a sumarse a este encuentro.<\/p>\n<p>\u00a1Los esperamos!<img decoding=\"async\" class=\"an1\" src=\"https:\/\/fonts.gstatic.com\/s\/e\/notoemoji\/16.0\/1f9e1\/32.png\" alt=\"\ud83e\udde1\" data-emoji=\"\ud83e\udde1\" aria-label=\"\ud83e\udde1\" \/><img decoding=\"async\" class=\"an1\" src=\"https:\/\/fonts.gstatic.com\/s\/e\/notoemoji\/16.0\/1f499\/32.png\" alt=\"\ud83d\udc99\" data-emoji=\"\ud83d\udc99\" aria-label=\"\ud83d\udc99\" \/><\/p>\n","protected":false},"excerpt":{"rendered":"<p>En el marco de la asignatura Pr\u00e1ctica Profesional de la Licenciatura en Administraci\u00f3n, invitamos a participar de la Charla Abierta \u201cEl rol del Licenciado en Administraci\u00f3n en el \u00e1rea comercial\u201d, a cargo de la Lic. Sofia Ledesma y del Lic. Francisco Villavicencio. La misma se llevar\u00e1 a cabo este lunes 29\/09 de 18.30hs a 20 [&hellip;]<\/p>\n","protected":false},"author":9,"featured_media":9641,"comment_status":"open","ping_status":"open","sticky":false,"template":"","format":"standard","meta":{"footnotes":""},"categories":[1],"tags":[],"_links":{"self":[{"href":"https:\/\/face.unt.edu.ar\/web\/iadmin\/wp-json\/wp\/v2\/posts\/9640"}],"collection":[{"href":"https:\/\/face.unt.edu.ar\/web\/iadmin\/wp-json\/wp\/v2\/posts"}],"about":[{"href":"https:\/\/face.unt.edu.ar\/web\/iadmin\/wp-json\/wp\/v2\/types\/post"}],"author":[{"embeddable":true,"href":"https:\/\/face.unt.edu.ar\/web\/iadmin\/wp-json\/wp\/v2\/users\/9"}],"replies":[{"embeddable":true,"href":"https:\/\/face.unt.edu.ar\/web\/iadmin\/wp-json\/wp\/v2\/comments?post=9640"}],"version-history":[{"count":1,"href":"https:\/\/face.unt.edu.ar\/web\/iadmin\/wp-json\/wp\/v2\/posts\/9640\/revisions"}],"predecessor-version":[{"id":9642,"href":"https:\/\/face.unt.edu.ar\/web\/iadmin\/wp-json\/wp\/v2\/posts\/9640\/revisions\/9642"}],"wp:featuredmedia":[{"embeddable":true,"href":"https:\/\/face.unt.edu.ar\/web\/iadmin\/wp-json\/wp\/v2\/media\/9641"}],"wp:attachment":[{"href":"https:\/\/face.unt.edu.ar\/web\/iadmin\/wp-json\/wp\/v2\/media?parent=9640"}],"wp:term":[{"taxonomy":"category","embeddable":true,"href":"https:\/\/face.unt.edu.ar\/web\/iadmin\/wp-json\/wp\/v2\/categories?post=9640"},{"taxonomy":"post_tag","embeddable":true,"href":"https:\/\/face.unt.edu.ar\/web\/iadmin\/wp-json\/wp\/v2\/tags?post=9640"}],"curies":[{"name":"wp","href":"https:\/\/api.w.org\/{rel}","templated":true}]}}