{"id":9647,"date":"2025-09-25T15:36:32","date_gmt":"2025-09-25T15:36:32","guid":{"rendered":"https:\/\/face.unt.edu.ar\/web\/iadmin\/?p=9647"},"modified":"2025-09-25T15:36:32","modified_gmt":"2025-09-25T15:36:32","slug":"resumen-charla-el-comienzo-del-camino-profesional-despues-de-la-universidad","status":"publish","type":"post","link":"https:\/\/face.unt.edu.ar\/web\/iadmin\/resumen-charla-el-comienzo-del-camino-profesional-despues-de-la-universidad\/","title":{"rendered":"Resumen charla:\u00a0El comienzo del camino profesional despu\u00e9s de la universidad"},"content":{"rendered":"<div>\n<div dir=\"auto\">El d\u00eda lunes 22\/09 se llev\u00f3 a cabo la charla\u00a0\u201cEl comienzo del camino profesional despu\u00e9s de la universidad\u201d, a cargo del Lic. Mat\u00edas G\u00f3mez.<\/div>\n<\/div>\n<div>\n<div dir=\"auto\">Organizado por la C\u00e1tedra Pr\u00e1ctica Profesional de la Licenciatura en Administraci\u00f3n<\/div>\n<div dir=\"auto\"><\/div>\n<div>Compartimos fotos del encuentro<\/div>\n<\/div>\n<div><a href=\"https:\/\/face.unt.edu.ar\/web\/iadmin\/wp-content\/uploads\/sites\/2\/2025\/09\/04-12.png\"><img decoding=\"async\" loading=\"lazy\" class=\"size-medium wp-image-9648 alignleft\" src=\"https:\/\/face.unt.edu.ar\/web\/iadmin\/wp-content\/uploads\/sites\/2\/2025\/09\/04-12-300x300.png\" alt=\"\" width=\"300\" height=\"300\" srcset=\"https:\/\/face.unt.edu.ar\/web\/iadmin\/wp-content\/uploads\/sites\/2\/2025\/09\/04-12-300x300.png 300w, https:\/\/face.unt.edu.ar\/web\/iadmin\/wp-content\/uploads\/sites\/2\/2025\/09\/04-12-1024x1024.png 1024w, https:\/\/face.unt.edu.ar\/web\/iadmin\/wp-content\/uploads\/sites\/2\/2025\/09\/04-12-150x150.png 150w, https:\/\/face.unt.edu.ar\/web\/iadmin\/wp-content\/uploads\/sites\/2\/2025\/09\/04-12-768x768.png 768w, https:\/\/face.unt.edu.ar\/web\/iadmin\/wp-content\/uploads\/sites\/2\/2025\/09\/04-12.png 1080w\" sizes=\"(max-width: 300px) 100vw, 300px\" \/><\/a> <a href=\"https:\/\/face.unt.edu.ar\/web\/iadmin\/wp-content\/uploads\/sites\/2\/2025\/09\/03-10.png\"><img decoding=\"async\" loading=\"lazy\" class=\"size-medium wp-image-9650 alignright\" src=\"https:\/\/face.unt.edu.ar\/web\/iadmin\/wp-content\/uploads\/sites\/2\/2025\/09\/03-10-300x300.png\" alt=\"\" width=\"300\" height=\"300\" srcset=\"https:\/\/face.unt.edu.ar\/web\/iadmin\/wp-content\/uploads\/sites\/2\/2025\/09\/03-10-300x300.png 300w, https:\/\/face.unt.edu.ar\/web\/iadmin\/wp-content\/uploads\/sites\/2\/2025\/09\/03-10-1024x1024.png 1024w, https:\/\/face.unt.edu.ar\/web\/iadmin\/wp-content\/uploads\/sites\/2\/2025\/09\/03-10-150x150.png 150w, https:\/\/face.unt.edu.ar\/web\/iadmin\/wp-content\/uploads\/sites\/2\/2025\/09\/03-10-768x768.png 768w, https:\/\/face.unt.edu.ar\/web\/iadmin\/wp-content\/uploads\/sites\/2\/2025\/09\/03-10.png 1080w\" sizes=\"(max-width: 300px) 100vw, 300px\" \/><\/a> <a href=\"https:\/\/face.unt.edu.ar\/web\/iadmin\/wp-content\/uploads\/sites\/2\/2025\/09\/01-14.png\"><img decoding=\"async\" loading=\"lazy\" class=\"aligncenter size-medium wp-image-9651\" src=\"https:\/\/face.unt.edu.ar\/web\/iadmin\/wp-content\/uploads\/sites\/2\/2025\/09\/01-14-300x300.png\" alt=\"\" width=\"300\" height=\"300\" srcset=\"https:\/\/face.unt.edu.ar\/web\/iadmin\/wp-content\/uploads\/sites\/2\/2025\/09\/01-14-300x300.png 300w, https:\/\/face.unt.edu.ar\/web\/iadmin\/wp-content\/uploads\/sites\/2\/2025\/09\/01-14-1024x1024.png 1024w, https:\/\/face.unt.edu.ar\/web\/iadmin\/wp-content\/uploads\/sites\/2\/2025\/09\/01-14-150x150.png 150w, https:\/\/face.unt.edu.ar\/web\/iadmin\/wp-content\/uploads\/sites\/2\/2025\/09\/01-14-768x768.png 768w, https:\/\/face.unt.edu.ar\/web\/iadmin\/wp-content\/uploads\/sites\/2\/2025\/09\/01-14.png 1080w\" sizes=\"(max-width: 300px) 100vw, 300px\" \/><\/a><\/div>\n","protected":false},"excerpt":{"rendered":"<p>El d\u00eda lunes 22\/09 se llev\u00f3 a cabo la charla\u00a0\u201cEl comienzo del camino profesional despu\u00e9s de la universidad\u201d, a cargo del Lic. Mat\u00edas G\u00f3mez. Organizado por la C\u00e1tedra Pr\u00e1ctica Profesional de la Licenciatura en Administraci\u00f3n Compartimos fotos del encuentro<\/p>\n","protected":false},"author":9,"featured_media":9649,"comment_status":"open","ping_status":"open","sticky":false,"template":"","format":"standard","meta":{"footnotes":""},"categories":[1],"tags":[],"_links":{"self":[{"href":"https:\/\/face.unt.edu.ar\/web\/iadmin\/wp-json\/wp\/v2\/posts\/9647"}],"collection":[{"href":"https:\/\/face.unt.edu.ar\/web\/iadmin\/wp-json\/wp\/v2\/posts"}],"about":[{"href":"https:\/\/face.unt.edu.ar\/web\/iadmin\/wp-json\/wp\/v2\/types\/post"}],"author":[{"embeddable":true,"href":"https:\/\/face.unt.edu.ar\/web\/iadmin\/wp-json\/wp\/v2\/users\/9"}],"replies":[{"embeddable":true,"href":"https:\/\/face.unt.edu.ar\/web\/iadmin\/wp-json\/wp\/v2\/comments?post=9647"}],"version-history":[{"count":1,"href":"https:\/\/face.unt.edu.ar\/web\/iadmin\/wp-json\/wp\/v2\/posts\/9647\/revisions"}],"predecessor-version":[{"id":9652,"href":"https:\/\/face.unt.edu.ar\/web\/iadmin\/wp-json\/wp\/v2\/posts\/9647\/revisions\/9652"}],"wp:featuredmedia":[{"embeddable":true,"href":"https:\/\/face.unt.edu.ar\/web\/iadmin\/wp-json\/wp\/v2\/media\/9649"}],"wp:attachment":[{"href":"https:\/\/face.unt.edu.ar\/web\/iadmin\/wp-json\/wp\/v2\/media?parent=9647"}],"wp:term":[{"taxonomy":"category","embeddable":true,"href":"https:\/\/face.unt.edu.ar\/web\/iadmin\/wp-json\/wp\/v2\/categories?post=9647"},{"taxonomy":"post_tag","embeddable":true,"href":"https:\/\/face.unt.edu.ar\/web\/iadmin\/wp-json\/wp\/v2\/tags?post=9647"}],"curies":[{"name":"wp","href":"https:\/\/api.w.org\/{rel}","templated":true}]}}