{"id":9662,"date":"2025-10-07T11:17:23","date_gmt":"2025-10-07T11:17:23","guid":{"rendered":"https:\/\/face.unt.edu.ar\/web\/iadmin\/?p=9662"},"modified":"2025-10-08T11:24:33","modified_gmt":"2025-10-08T11:24:33","slug":"encuentro-conectando-saberesiii-jornada-interfacultades","status":"publish","type":"post","link":"https:\/\/face.unt.edu.ar\/web\/iadmin\/encuentro-conectando-saberesiii-jornada-interfacultades\/","title":{"rendered":"Encuentro \u201cConectando Saberes:III Jornada Interfacultades\u201d"},"content":{"rendered":"<p><span class=\"im\">En el marco de Pr\u00e1ctica Profesional de la Licenciatura en Administraci\u00f3n, se desarrollar\u00e1 \u201cConectando Saberes:III Jornada Interfacultades\u201d entre alumnos y docentes de la Facultad de Humanidades, Ciencias Sociales y de la Salud de la Universidad Nacional de Santiago del Estero y de la Facultad de Ciencias Econ\u00f3micas de la Universidad Nacional de Tucum\u00e1n.<\/p>\n<p><\/span>El encuentro se llevar\u00e1 a cabo el pr\u00f3ximo lunes 13 de octubre desde las\u00a0<b>11 hasta las 20 horas<\/b>, en las instalaciones de la Facultad de Ciencias Econ\u00f3micas<span class=\"im\"><\/p>\n<p>Deber\u00e1n completar el siguiente formulario de inscripci\u00f3n\u00a0<a href=\"https:\/\/forms.gle\/2uoxXLJLGkY9C3nk8\" target=\"_blank\" rel=\"noopener\" data-saferedirecturl=\"https:\/\/www.google.com\/url?q=https:\/\/forms.gle\/2uoxXLJLGkY9C3nk8&amp;source=gmail&amp;ust=1760008773349000&amp;usg=AOvVaw3ljfIoCZtzgkz55WFNep81\">https:\/\/forms.gle\/2uoxXLJLGkY9C3nk8<\/a><\/p>\n<p>Invitamos a estudiantes y docentes de la Licenciatura en Administraci\u00f3n<\/p>\n<p>Los esperamos<\/span><\/p>\n","protected":false},"excerpt":{"rendered":"<p>En el marco de Pr\u00e1ctica Profesional de la Licenciatura en Administraci\u00f3n, se desarrollar\u00e1 \u201cConectando Saberes:III Jornada Interfacultades\u201d entre alumnos y docentes de la Facultad de Humanidades, Ciencias Sociales y de la Salud de la Universidad Nacional de Santiago del Estero y de la Facultad de Ciencias Econ\u00f3micas de la Universidad Nacional de Tucum\u00e1n. El encuentro [&hellip;]<\/p>\n","protected":false},"author":9,"featured_media":9663,"comment_status":"open","ping_status":"open","sticky":false,"template":"","format":"standard","meta":{"footnotes":""},"categories":[1],"tags":[],"_links":{"self":[{"href":"https:\/\/face.unt.edu.ar\/web\/iadmin\/wp-json\/wp\/v2\/posts\/9662"}],"collection":[{"href":"https:\/\/face.unt.edu.ar\/web\/iadmin\/wp-json\/wp\/v2\/posts"}],"about":[{"href":"https:\/\/face.unt.edu.ar\/web\/iadmin\/wp-json\/wp\/v2\/types\/post"}],"author":[{"embeddable":true,"href":"https:\/\/face.unt.edu.ar\/web\/iadmin\/wp-json\/wp\/v2\/users\/9"}],"replies":[{"embeddable":true,"href":"https:\/\/face.unt.edu.ar\/web\/iadmin\/wp-json\/wp\/v2\/comments?post=9662"}],"version-history":[{"count":3,"href":"https:\/\/face.unt.edu.ar\/web\/iadmin\/wp-json\/wp\/v2\/posts\/9662\/revisions"}],"predecessor-version":[{"id":9666,"href":"https:\/\/face.unt.edu.ar\/web\/iadmin\/wp-json\/wp\/v2\/posts\/9662\/revisions\/9666"}],"wp:featuredmedia":[{"embeddable":true,"href":"https:\/\/face.unt.edu.ar\/web\/iadmin\/wp-json\/wp\/v2\/media\/9663"}],"wp:attachment":[{"href":"https:\/\/face.unt.edu.ar\/web\/iadmin\/wp-json\/wp\/v2\/media?parent=9662"}],"wp:term":[{"taxonomy":"category","embeddable":true,"href":"https:\/\/face.unt.edu.ar\/web\/iadmin\/wp-json\/wp\/v2\/categories?post=9662"},{"taxonomy":"post_tag","embeddable":true,"href":"https:\/\/face.unt.edu.ar\/web\/iadmin\/wp-json\/wp\/v2\/tags?post=9662"}],"curies":[{"name":"wp","href":"https:\/\/api.w.org\/{rel}","templated":true}]}}