{"id":9726,"date":"2025-10-28T23:02:30","date_gmt":"2025-10-28T23:02:30","guid":{"rendered":"https:\/\/face.unt.edu.ar\/web\/iadmin\/?p=9726"},"modified":"2025-10-28T23:02:45","modified_gmt":"2025-10-28T23:02:45","slug":"charla-sobre-tecnologia-economia-circular-y-sustentabilidad-a-traves-del-recorrido-de-circclo","status":"publish","type":"post","link":"https:\/\/face.unt.edu.ar\/web\/iadmin\/charla-sobre-tecnologia-economia-circular-y-sustentabilidad-a-traves-del-recorrido-de-circclo\/","title":{"rendered":"Charla sobre tecnolog\u00eda, econom\u00eda circular y sustentabilidad a trav\u00e9s del recorrido de Circclo"},"content":{"rendered":"<p>En el marco del dictado de la materia Sistemas de Informaci\u00f3n II, nos visita el Lic. Bautista Garz\u00f3n, Co-Founder de Circclo, ex-alumno de la materia y de la facultad.<\/p>\n<p>En esta charla hablaremos sobre tecnolog\u00eda, econom\u00eda circular y sustentabilidad a trav\u00e9s del recorrido de Circclo, una startup que apunta a eliminar los envases de pl\u00e1stico de un solo uso.<\/p>\n<p>\ud83d\udcc5 Martes 28 de Octubre, 17 hrs.<br \/>\n\ud83d\udccd Modalidad Virtual a trav\u00e9s de Zoom<br \/>\n\ud83d\udd17 https:\/\/us06web.zoom.us\/j\/86762418953?pwd=faFmdK58GWTuBUxaPX5HcuRqmlegFA.1<\/p>\n","protected":false},"excerpt":{"rendered":"<p>En el marco del dictado de la materia Sistemas de Informaci\u00f3n II, nos visita el Lic. Bautista Garz\u00f3n, Co-Founder de Circclo, ex-alumno de la materia y de la facultad. En esta charla hablaremos sobre tecnolog\u00eda, econom\u00eda circular y sustentabilidad a trav\u00e9s del recorrido de Circclo, una startup que apunta a eliminar los envases de pl\u00e1stico [&hellip;]<\/p>\n","protected":false},"author":9,"featured_media":9727,"comment_status":"open","ping_status":"open","sticky":false,"template":"","format":"standard","meta":{"footnotes":""},"categories":[1],"tags":[],"_links":{"self":[{"href":"https:\/\/face.unt.edu.ar\/web\/iadmin\/wp-json\/wp\/v2\/posts\/9726"}],"collection":[{"href":"https:\/\/face.unt.edu.ar\/web\/iadmin\/wp-json\/wp\/v2\/posts"}],"about":[{"href":"https:\/\/face.unt.edu.ar\/web\/iadmin\/wp-json\/wp\/v2\/types\/post"}],"author":[{"embeddable":true,"href":"https:\/\/face.unt.edu.ar\/web\/iadmin\/wp-json\/wp\/v2\/users\/9"}],"replies":[{"embeddable":true,"href":"https:\/\/face.unt.edu.ar\/web\/iadmin\/wp-json\/wp\/v2\/comments?post=9726"}],"version-history":[{"count":1,"href":"https:\/\/face.unt.edu.ar\/web\/iadmin\/wp-json\/wp\/v2\/posts\/9726\/revisions"}],"predecessor-version":[{"id":9728,"href":"https:\/\/face.unt.edu.ar\/web\/iadmin\/wp-json\/wp\/v2\/posts\/9726\/revisions\/9728"}],"wp:featuredmedia":[{"embeddable":true,"href":"https:\/\/face.unt.edu.ar\/web\/iadmin\/wp-json\/wp\/v2\/media\/9727"}],"wp:attachment":[{"href":"https:\/\/face.unt.edu.ar\/web\/iadmin\/wp-json\/wp\/v2\/media?parent=9726"}],"wp:term":[{"taxonomy":"category","embeddable":true,"href":"https:\/\/face.unt.edu.ar\/web\/iadmin\/wp-json\/wp\/v2\/categories?post=9726"},{"taxonomy":"post_tag","embeddable":true,"href":"https:\/\/face.unt.edu.ar\/web\/iadmin\/wp-json\/wp\/v2\/tags?post=9726"}],"curies":[{"name":"wp","href":"https:\/\/api.w.org\/{rel}","templated":true}]}}