{"id":9729,"date":"2025-10-29T15:32:44","date_gmt":"2025-10-29T15:32:44","guid":{"rendered":"https:\/\/face.unt.edu.ar\/web\/iadmin\/?p=9729"},"modified":"2025-10-29T15:35:09","modified_gmt":"2025-10-29T15:35:09","slug":"charla-abierta-control-de-gestion-de-los-datos-a-la-accion","status":"publish","type":"post","link":"https:\/\/face.unt.edu.ar\/web\/iadmin\/charla-abierta-control-de-gestion-de-los-datos-a-la-accion\/","title":{"rendered":"Charla Abierta: Control de Gesti\u00f3n: De los datos a la acci\u00f3n"},"content":{"rendered":"<div>En el marco de la asignatura Control de Gesti\u00f3n, invitamos a participar de la Charla Abierta \u00abControl de Gesti\u00f3n: De los datos a la acci\u00f3n\u201d, a cargo de la Lic. Florencia Dom\u00ednguez.<\/div>\n<div>\n<p>La misma se llevar\u00e1 a cabo este lunes 03\/11 de 17.00hs a 18.30 hs. en el aula 16.<\/p>\n<p>Invitamos a docentes, alumnos, y todas las personas interesadas a sumarse a este encuentro.<\/p>\n<p>\u00a1Los esperamos!<img decoding=\"async\" class=\"an1\" src=\"https:\/\/fonts.gstatic.com\/s\/e\/notoemoji\/16.0\/1f9e1\/32.png\" alt=\"\ud83e\udde1\" data-emoji=\"\ud83e\udde1\" aria-label=\"\ud83e\udde1\" \/><img decoding=\"async\" class=\"an1\" src=\"https:\/\/fonts.gstatic.com\/s\/e\/notoemoji\/16.0\/1f499\/32.png\" alt=\"\ud83d\udc99\" data-emoji=\"\ud83d\udc99\" aria-label=\"\ud83d\udc99\" \/><\/p>\n<\/div>\n","protected":false},"excerpt":{"rendered":"<p>En el marco de la asignatura Control de Gesti\u00f3n, invitamos a participar de la Charla Abierta \u00abControl de Gesti\u00f3n: De los datos a la acci\u00f3n\u201d, a cargo de la Lic. Florencia Dom\u00ednguez. La misma se llevar\u00e1 a cabo este lunes 03\/11 de 17.00hs a 18.30 hs. en el aula 16. Invitamos a docentes, alumnos, y [&hellip;]<\/p>\n","protected":false},"author":9,"featured_media":9730,"comment_status":"open","ping_status":"open","sticky":false,"template":"","format":"standard","meta":{"footnotes":""},"categories":[4,14,1],"tags":[],"_links":{"self":[{"href":"https:\/\/face.unt.edu.ar\/web\/iadmin\/wp-json\/wp\/v2\/posts\/9729"}],"collection":[{"href":"https:\/\/face.unt.edu.ar\/web\/iadmin\/wp-json\/wp\/v2\/posts"}],"about":[{"href":"https:\/\/face.unt.edu.ar\/web\/iadmin\/wp-json\/wp\/v2\/types\/post"}],"author":[{"embeddable":true,"href":"https:\/\/face.unt.edu.ar\/web\/iadmin\/wp-json\/wp\/v2\/users\/9"}],"replies":[{"embeddable":true,"href":"https:\/\/face.unt.edu.ar\/web\/iadmin\/wp-json\/wp\/v2\/comments?post=9729"}],"version-history":[{"count":2,"href":"https:\/\/face.unt.edu.ar\/web\/iadmin\/wp-json\/wp\/v2\/posts\/9729\/revisions"}],"predecessor-version":[{"id":9735,"href":"https:\/\/face.unt.edu.ar\/web\/iadmin\/wp-json\/wp\/v2\/posts\/9729\/revisions\/9735"}],"wp:featuredmedia":[{"embeddable":true,"href":"https:\/\/face.unt.edu.ar\/web\/iadmin\/wp-json\/wp\/v2\/media\/9730"}],"wp:attachment":[{"href":"https:\/\/face.unt.edu.ar\/web\/iadmin\/wp-json\/wp\/v2\/media?parent=9729"}],"wp:term":[{"taxonomy":"category","embeddable":true,"href":"https:\/\/face.unt.edu.ar\/web\/iadmin\/wp-json\/wp\/v2\/categories?post=9729"},{"taxonomy":"post_tag","embeddable":true,"href":"https:\/\/face.unt.edu.ar\/web\/iadmin\/wp-json\/wp\/v2\/tags?post=9729"}],"curies":[{"name":"wp","href":"https:\/\/api.w.org\/{rel}","templated":true}]}}