{"id":1015,"date":"2022-09-09T13:12:53","date_gmt":"2022-09-09T13:12:53","guid":{"rendered":"https:\/\/face.unt.edu.ar\/web\/ieconomia\/?p=1015"},"modified":"2022-09-09T13:20:07","modified_gmt":"2022-09-09T13:20:07","slug":"informalidad-laboral-en-argentina-evidencia-empirica-para-el-periodo-2016-2018","status":"publish","type":"post","link":"https:\/\/face.unt.edu.ar\/web\/ieconomia\/informalidad-laboral-en-argentina-evidencia-empirica-para-el-periodo-2016-2018\/","title":{"rendered":"Informalidad laboral en Argentina: Evidencia emp\u00edrica para el per\u00edodo 2016-2018"},"content":{"rendered":"<p>La informalidad laboral se ha transformado en un rasgo estructural en Argentina. A pesar de ser una problem\u00e1tica muy estudiada, el debate sobre las causas que la generan a\u00fan est\u00e1 abierto. En parte, se debe a la multiplicidad de enfoques te\u00f3ricos y estrategias emp\u00edricas utilizadas en la literatura. El objetivo de esta investigaci\u00f3n es probar la existencia de segmentaci\u00f3n en el mercado laboral para el pa\u00eds en el per\u00edodo 2016-2018. En base a microdatos de la EPH, se estima una matriz de transici\u00f3n entre estados laborales, y las brechas salariales asociadas a dichos movimientos. Estas \u00faltimas se estiman en base a un modelo de panel que considera la decisi\u00f3n de participar en el mercado de trabajo. Los resultados indican que durante el per\u00edodo estudiado la hip\u00f3tesis de segmentaci\u00f3n se verifica seg\u00fan las probabilidades de transici\u00f3n, pero no es tan claro cuando se analizan las brechas salariales estimadas.<\/p>\n<p>&nbsp;<\/p>\n<p>Autora: Ana In\u00e9s Palavecino<br \/>\nDirectora: Dra. Adriana F\u00e1tima Panico<\/p>\n<p><a href=\"https:\/\/drive.google.com\/file\/d\/11BwVbv7Bf_kgO-DVDnLoh_sRmONrO2JT\/view?usp=sharing\" target=\"_blank\" rel=\"noopener\">Lee la tesis completa haciendo click aqu\u00ed<\/a><\/p>\n","protected":false},"excerpt":{"rendered":"<p>La informalidad laboral se ha transformado en un rasgo estructural en Argentina. A pesar de ser una problem\u00e1tica muy estudiada, el debate sobre las causas que la generan a\u00fan est\u00e1 abierto. En parte, se debe a la multiplicidad de enfoques te\u00f3ricos y estrategias emp\u00edricas utilizadas en la literatura. El objetivo de esta investigaci\u00f3n es probar [&hellip;]<\/p>\n","protected":false},"author":123458,"featured_media":1016,"comment_status":"open","ping_status":"open","sticky":false,"template":"","format":"standard","meta":{"footnotes":""},"categories":[8],"tags":[],"_links":{"self":[{"href":"https:\/\/face.unt.edu.ar\/web\/ieconomia\/wp-json\/wp\/v2\/posts\/1015"}],"collection":[{"href":"https:\/\/face.unt.edu.ar\/web\/ieconomia\/wp-json\/wp\/v2\/posts"}],"about":[{"href":"https:\/\/face.unt.edu.ar\/web\/ieconomia\/wp-json\/wp\/v2\/types\/post"}],"author":[{"embeddable":true,"href":"https:\/\/face.unt.edu.ar\/web\/ieconomia\/wp-json\/wp\/v2\/users\/123458"}],"replies":[{"embeddable":true,"href":"https:\/\/face.unt.edu.ar\/web\/ieconomia\/wp-json\/wp\/v2\/comments?post=1015"}],"version-history":[{"count":2,"href":"https:\/\/face.unt.edu.ar\/web\/ieconomia\/wp-json\/wp\/v2\/posts\/1015\/revisions"}],"predecessor-version":[{"id":1018,"href":"https:\/\/face.unt.edu.ar\/web\/ieconomia\/wp-json\/wp\/v2\/posts\/1015\/revisions\/1018"}],"wp:featuredmedia":[{"embeddable":true,"href":"https:\/\/face.unt.edu.ar\/web\/ieconomia\/wp-json\/wp\/v2\/media\/1016"}],"wp:attachment":[{"href":"https:\/\/face.unt.edu.ar\/web\/ieconomia\/wp-json\/wp\/v2\/media?parent=1015"}],"wp:term":[{"taxonomy":"category","embeddable":true,"href":"https:\/\/face.unt.edu.ar\/web\/ieconomia\/wp-json\/wp\/v2\/categories?post=1015"},{"taxonomy":"post_tag","embeddable":true,"href":"https:\/\/face.unt.edu.ar\/web\/ieconomia\/wp-json\/wp\/v2\/tags?post=1015"}],"curies":[{"name":"wp","href":"https:\/\/api.w.org\/{rel}","templated":true}]}}