{"id":1187,"date":"2023-09-13T15:05:04","date_gmt":"2023-09-13T15:05:04","guid":{"rendered":"https:\/\/face.unt.edu.ar\/web\/ieconomia\/?p=1187"},"modified":"2023-09-13T15:05:04","modified_gmt":"2023-09-13T15:05:04","slug":"desigualdad-de-oportunidades-y-esfuerzo-descomposicion-parametrica-y-no-parametrica-de-la-desigualdad-de-ingreso-en-argentina-2014","status":"publish","type":"post","link":"https:\/\/face.unt.edu.ar\/web\/ieconomia\/desigualdad-de-oportunidades-y-esfuerzo-descomposicion-parametrica-y-no-parametrica-de-la-desigualdad-de-ingreso-en-argentina-2014\/","title":{"rendered":"Desigualdad de oportunidades y esfuerzo: Descomposici\u00f3n param\u00e9trica y no param\u00e9trica de la desigualdad de ingreso en Argentina 2014"},"content":{"rendered":"<p>Si bien hay un consenso respecto a que la pobreza es nociva, no est\u00e1 del todo claro si la desigualdad en los ingresos es deseable o no. Diversos estudios emp\u00edricos sugieren que la desigualdad total del ingreso es un compuesto de dos factores. Por ello, en esta investigaci\u00f3n se descompone la desigualdad total de ingresos en desigualdad de oportunidades y desigualdad de esfuerzo, y se identifican las circunstancias clave que contribuyen a la desigualdad de oportunidades. A partir de dos m\u00e9todos de c\u00e1lculo y utilizando la base de datos ENES para Argentina en el a\u00f1o 2014, encontramos las magnitudes que corresponden a cada uno de estos factores. Siguiendo un m\u00e9todo param\u00e9trico, se obtiene un valor de desigualdad de oportunidades como porcentaje de la total de 11,07 % cuando se utiliza el \u00edndice de Theil y el ingreso total individual. Por su parte, la metodolog\u00eda no param\u00e9trica arroja como valor m\u00e1ximo entre las estrategias encaradas, y al utilizar ingreso total individual, un ratio de 8,70 %. Dichos valores no son estrictamente comparables entre s\u00ed.<\/p>\n<p>Autores: <span class=\"OYPEnA text-decoration-none text-strikethrough-none\">Luz Micaela Villafa\u00f1e, Sim\u00f3n Vargas Ochuza y Emilse Nancy Vargas Ochuza<\/span><br \/>\nDirectoras: Beatriz \u00c1lvarez y Florencia Correa Deza.<\/p>\n<p><a href=\"https:\/\/drive.google.com\/file\/d\/1uz3911qR_UVBns-6vd0PcGQAn_B3a7zu\/view?usp=sharing\" target=\"_blank\" rel=\"noopener\">Lee la tesis completa haciendo click aqu\u00ed<\/a><\/p>\n","protected":false},"excerpt":{"rendered":"<p>Si bien hay un consenso respecto a que la pobreza es nociva, no est\u00e1 del todo claro si la desigualdad en los ingresos es deseable o no. Diversos estudios emp\u00edricos sugieren que la desigualdad total del ingreso es un compuesto de dos factores. Por ello, en esta investigaci\u00f3n se descompone la desigualdad total de ingresos [&hellip;]<\/p>\n","protected":false},"author":123458,"featured_media":1188,"comment_status":"open","ping_status":"open","sticky":false,"template":"","format":"standard","meta":{"footnotes":""},"categories":[1],"tags":[],"_links":{"self":[{"href":"https:\/\/face.unt.edu.ar\/web\/ieconomia\/wp-json\/wp\/v2\/posts\/1187"}],"collection":[{"href":"https:\/\/face.unt.edu.ar\/web\/ieconomia\/wp-json\/wp\/v2\/posts"}],"about":[{"href":"https:\/\/face.unt.edu.ar\/web\/ieconomia\/wp-json\/wp\/v2\/types\/post"}],"author":[{"embeddable":true,"href":"https:\/\/face.unt.edu.ar\/web\/ieconomia\/wp-json\/wp\/v2\/users\/123458"}],"replies":[{"embeddable":true,"href":"https:\/\/face.unt.edu.ar\/web\/ieconomia\/wp-json\/wp\/v2\/comments?post=1187"}],"version-history":[{"count":1,"href":"https:\/\/face.unt.edu.ar\/web\/ieconomia\/wp-json\/wp\/v2\/posts\/1187\/revisions"}],"predecessor-version":[{"id":1189,"href":"https:\/\/face.unt.edu.ar\/web\/ieconomia\/wp-json\/wp\/v2\/posts\/1187\/revisions\/1189"}],"wp:featuredmedia":[{"embeddable":true,"href":"https:\/\/face.unt.edu.ar\/web\/ieconomia\/wp-json\/wp\/v2\/media\/1188"}],"wp:attachment":[{"href":"https:\/\/face.unt.edu.ar\/web\/ieconomia\/wp-json\/wp\/v2\/media?parent=1187"}],"wp:term":[{"taxonomy":"category","embeddable":true,"href":"https:\/\/face.unt.edu.ar\/web\/ieconomia\/wp-json\/wp\/v2\/categories?post=1187"},{"taxonomy":"post_tag","embeddable":true,"href":"https:\/\/face.unt.edu.ar\/web\/ieconomia\/wp-json\/wp\/v2\/tags?post=1187"}],"curies":[{"name":"wp","href":"https:\/\/api.w.org\/{rel}","templated":true}]}}