{"id":1412,"date":"2025-11-06T13:29:24","date_gmt":"2025-11-06T13:29:24","guid":{"rendered":"https:\/\/face.unt.edu.ar\/web\/ieconomia\/?p=1412"},"modified":"2025-11-17T16:06:16","modified_gmt":"2025-11-17T16:06:16","slug":"estudiantes-de-la-licenciatura-en-economia-participaron-en-la-55-reunion-anual-de-la-asociacion-argentina-de-economia-agraria-aaea","status":"publish","type":"post","link":"https:\/\/face.unt.edu.ar\/web\/ieconomia\/estudiantes-de-la-licenciatura-en-economia-participaron-en-la-55-reunion-anual-de-la-asociacion-argentina-de-economia-agraria-aaea\/","title":{"rendered":"Estudiantes de la Licenciatura en Econom\u00eda participaron en la 55\u00b0 Reuni\u00f3n Anual de la Asociaci\u00f3n Argentina de Econom\u00eda Agraria (AAEA)"},"content":{"rendered":"<article class=\"text-token-text-primary w-full focus:outline-none [--shadow-height:45px] has-data-writing-block:pointer-events-none has-data-writing-block:-mt-(--shadow-height) has-data-writing-block:pt-(--shadow-height) [&amp;:has([data-writing-block])&gt;*]:pointer-events-auto scroll-mt-(--header-height)\" dir=\"auto\" data-turn-id=\"19a883f6-3cc5-4503-8aa5-494bb58b10c6\" data-testid=\"conversation-turn-179\" data-scroll-anchor=\"false\" data-turn=\"user\">\n<div class=\"text-base my-auto mx-auto pt-12 [--thread-content-margin:--spacing(4)] thread-sm:[--thread-content-margin:--spacing(6)] thread-lg:[--thread-content-margin:--spacing(16)] px-(--thread-content-margin)\">\n<div class=\"[--thread-content-max-width:40rem] thread-lg:[--thread-content-max-width:48rem] mx-auto max-w-(--thread-content-max-width) flex-1 group\/turn-messages focus-visible:outline-hidden relative flex w-full min-w-0 flex-col\">\n<div class=\"flex max-w-full flex-col grow\">\n<div class=\"min-h-8 text-message relative flex w-full flex-col items-end gap-2 text-start break-words whitespace-normal [.text-message+&amp;]:mt-1\" dir=\"auto\" data-message-author-role=\"user\" data-message-id=\"19a883f6-3cc5-4503-8aa5-494bb58b10c6\">\n<div class=\"flex w-full flex-col gap-1 empty:hidden items-end rtl:items-start\">\n<div class=\"user-message-bubble-color relative rounded-[18px] px-4 py-1.5 data-[multiline]:py-3 max-w-[var(--user-chat-width,70%)]\" data-multiline=\"\">\n<div class=\"whitespace-pre-wrap\">Los estudiantes de la carrera de Licenciatura en Econom\u00eda de la Facultad de Ciencias Econ\u00f3micas de la UNT, Franco Emanuel Quiroga, Ana Sof\u00eda Orellana, Leila Misuriello y las Profesoras Mariana Delgado Cordomi y Corina Paz Ter\u00e1n, participaron en la 55\u00b0 Reuni\u00f3n Anual de la Asociaci\u00f3n Argentina de Econom\u00eda Agraria (AAEA), realizada los d\u00edas 29, 30 y 31 de octubre de 2025 en la Facultad de Ciencias Agrarias de la Universidad Nacional del Nordeste (UNNE), provincia de Corrientes.<\/div>\n<div><\/div>\n<div class=\"whitespace-pre-wrap\">Bajo el lema \u201cInnovaci\u00f3n y sostenibilidad. Desaf\u00edos y oportunidades para la agricultura del futuro\u201d, el encuentro reuni\u00f3 a especialistas, investigadores y estudiantes de todo el pa\u00eds, promoviendo el intercambio de conocimientos sobre los desaf\u00edos actuales y futuros del sector agropecuario, agroalimentario y agroindustrial argentino.<\/div>\n<div><\/div>\n<div class=\"whitespace-pre-wrap\">Quiroga y Orellana fueron beneficiarios de una Beca BID-AAEA, destinada a estudiantes del interior del pa\u00eds que participaron del Taller Pre-Congreso. Dicho taller, titulado \u201cProductividad agropecuaria en Am\u00e9rica Latina y el Caribe: metodolog\u00eda, tendencias recientes y evaluaci\u00f3n de impacto en productividad de proyectos espec\u00edficos\u201d, fue dictado por los economistas Lina Salazar y Carmine Paolo De Salvo, del Banco Interamericano de Desarrollo (BID, Washington DC).<\/div>\n<div><\/div>\n<div class=\"whitespace-pre-wrap\">La Prof. Corina M. Paz Ter\u00e1n present\u00f3 el trabajo: \u201cEl crecimiento del sector agr\u00edcola, sus componentes, y su relaci\u00f3n con el crecimiento de los pa\u00edses. Evidencia sobre el Mercosur, sus Asociados, y el USMCA durante el periodo 1979-2023\u201d, realizado en coautor\u00eda con el Prof. A. Ra\u00fal Garc\u00eda y la Lic. Florencia Ayala. Este trabajo se llev\u00f3 a cabo en el marco de los proyectos PICE (Proyectos de Investigaci\u00f3n de Ciencias Econ\u00f3micas &#8211; UNT).<\/div>\n<div><\/div>\n<div class=\"whitespace-pre-wrap\">Durante la Reuni\u00f3n Anual, se presentaron m\u00e1s de ochenta trabajos de investigaci\u00f3n en distintas \u00e1reas de la econom\u00eda agraria, desde la producci\u00f3n forestal y arrocera hasta el an\u00e1lisis de cadenas de valor. El evento culmin\u00f3 con un Foro de Pol\u00edtica Agr\u00edcola, donde los participantes debatieron sobre pol\u00edticas p\u00fablicas en el sector yerbatero, y una visita t\u00e9cnica a la empresa Cannabis, dedicada a la producci\u00f3n e investigaci\u00f3n con fines medicinales y terap\u00e9uticos.<\/div>\n<div><a href=\"https:\/\/face.unt.edu.ar\/web\/ieconomia\/wp-content\/uploads\/sites\/4\/2025\/11\/AAEA-2025Foto-general2.jpg\"><img decoding=\"async\" loading=\"lazy\" class=\" wp-image-1420 aligncenter\" src=\"https:\/\/face.unt.edu.ar\/web\/ieconomia\/wp-content\/uploads\/sites\/4\/2025\/11\/AAEA-2025Foto-general2-300x225.jpg\" alt=\"\" width=\"380\" height=\"285\" srcset=\"https:\/\/face.unt.edu.ar\/web\/ieconomia\/wp-content\/uploads\/sites\/4\/2025\/11\/AAEA-2025Foto-general2-300x225.jpg 300w, https:\/\/face.unt.edu.ar\/web\/ieconomia\/wp-content\/uploads\/sites\/4\/2025\/11\/AAEA-2025Foto-general2-1024x768.jpg 1024w, https:\/\/face.unt.edu.ar\/web\/ieconomia\/wp-content\/uploads\/sites\/4\/2025\/11\/AAEA-2025Foto-general2-768x576.jpg 768w, https:\/\/face.unt.edu.ar\/web\/ieconomia\/wp-content\/uploads\/sites\/4\/2025\/11\/AAEA-2025Foto-general2-80x60.jpg 80w, https:\/\/face.unt.edu.ar\/web\/ieconomia\/wp-content\/uploads\/sites\/4\/2025\/11\/AAEA-2025Foto-general2-265x198.jpg 265w, https:\/\/face.unt.edu.ar\/web\/ieconomia\/wp-content\/uploads\/sites\/4\/2025\/11\/AAEA-2025Foto-general2-696x522.jpg 696w, https:\/\/face.unt.edu.ar\/web\/ieconomia\/wp-content\/uploads\/sites\/4\/2025\/11\/AAEA-2025Foto-general2-1068x801.jpg 1068w, https:\/\/face.unt.edu.ar\/web\/ieconomia\/wp-content\/uploads\/sites\/4\/2025\/11\/AAEA-2025Foto-general2-560x420.jpg 560w, https:\/\/face.unt.edu.ar\/web\/ieconomia\/wp-content\/uploads\/sites\/4\/2025\/11\/AAEA-2025Foto-general2.jpg 1280w\" sizes=\"(max-width: 380px) 100vw, 380px\" \/><\/a><\/div>\n<div class=\"whitespace-pre-wrap\">Asimismo, Mariana Delgado Cordom\u00ed y Leila Misuriello integrantes del \u00e1rea ambiente de LAPDE , presentaron su trabajo \u201cProcesos Alternativos de Producci\u00f3n de Harina de Soja: An\u00e1lisis de Mercado\u201d, enmarcado en un proyecto interdisciplinario junto a la Estaci\u00f3n Experimental Agroindustrial Obispo Colombres. El estudio analiza el potencial comercial de una planta piloto que produce harina de soja mediante un sistema sin solventes, patentado en 2020, y su expansi\u00f3n en los mercados local e internacional.<\/div>\n<div><a href=\"https:\/\/face.unt.edu.ar\/web\/ieconomia\/wp-content\/uploads\/sites\/4\/2025\/11\/Leila-Misuriello.jpg\"><img decoding=\"async\" loading=\"lazy\" class=\"size-medium wp-image-1413 aligncenter\" src=\"https:\/\/face.unt.edu.ar\/web\/ieconomia\/wp-content\/uploads\/sites\/4\/2025\/11\/Leila-Misuriello-298x300.jpg\" alt=\"\" width=\"298\" height=\"300\" srcset=\"https:\/\/face.unt.edu.ar\/web\/ieconomia\/wp-content\/uploads\/sites\/4\/2025\/11\/Leila-Misuriello-298x300.jpg 298w, https:\/\/face.unt.edu.ar\/web\/ieconomia\/wp-content\/uploads\/sites\/4\/2025\/11\/Leila-Misuriello-1018x1024.jpg 1018w, https:\/\/face.unt.edu.ar\/web\/ieconomia\/wp-content\/uploads\/sites\/4\/2025\/11\/Leila-Misuriello-150x150.jpg 150w, https:\/\/face.unt.edu.ar\/web\/ieconomia\/wp-content\/uploads\/sites\/4\/2025\/11\/Leila-Misuriello-768x773.jpg 768w, https:\/\/face.unt.edu.ar\/web\/ieconomia\/wp-content\/uploads\/sites\/4\/2025\/11\/Leila-Misuriello-696x700.jpg 696w, https:\/\/face.unt.edu.ar\/web\/ieconomia\/wp-content\/uploads\/sites\/4\/2025\/11\/Leila-Misuriello-1068x1074.jpg 1068w, https:\/\/face.unt.edu.ar\/web\/ieconomia\/wp-content\/uploads\/sites\/4\/2025\/11\/Leila-Misuriello-417x420.jpg 417w, https:\/\/face.unt.edu.ar\/web\/ieconomia\/wp-content\/uploads\/sites\/4\/2025\/11\/Leila-Misuriello.jpg 1333w\" sizes=\"(max-width: 298px) 100vw, 298px\" \/><\/a> <a href=\"https:\/\/face.unt.edu.ar\/web\/ieconomia\/wp-content\/uploads\/sites\/4\/2025\/11\/Leila-Misuriello-y-Mariana-Delgado-C.jpg\"><img decoding=\"async\" loading=\"lazy\" class=\"size-medium wp-image-1414 aligncenter\" src=\"https:\/\/face.unt.edu.ar\/web\/ieconomia\/wp-content\/uploads\/sites\/4\/2025\/11\/Leila-Misuriello-y-Mariana-Delgado-C-300x225.jpg\" alt=\"\" width=\"300\" height=\"225\" srcset=\"https:\/\/face.unt.edu.ar\/web\/ieconomia\/wp-content\/uploads\/sites\/4\/2025\/11\/Leila-Misuriello-y-Mariana-Delgado-C-300x225.jpg 300w, https:\/\/face.unt.edu.ar\/web\/ieconomia\/wp-content\/uploads\/sites\/4\/2025\/11\/Leila-Misuriello-y-Mariana-Delgado-C-80x60.jpg 80w, https:\/\/face.unt.edu.ar\/web\/ieconomia\/wp-content\/uploads\/sites\/4\/2025\/11\/Leila-Misuriello-y-Mariana-Delgado-C-265x198.jpg 265w, https:\/\/face.unt.edu.ar\/web\/ieconomia\/wp-content\/uploads\/sites\/4\/2025\/11\/Leila-Misuriello-y-Mariana-Delgado-C-696x522.jpg 696w, https:\/\/face.unt.edu.ar\/web\/ieconomia\/wp-content\/uploads\/sites\/4\/2025\/11\/Leila-Misuriello-y-Mariana-Delgado-C-560x420.jpg 560w, https:\/\/face.unt.edu.ar\/web\/ieconomia\/wp-content\/uploads\/sites\/4\/2025\/11\/Leila-Misuriello-y-Mariana-Delgado-C.jpg 724w\" sizes=\"(max-width: 300px) 100vw, 300px\" \/><\/a><\/div>\n<div class=\"whitespace-pre-wrap\">La participaci\u00f3n de estudiantes, docentes e investigadoras del INVECO en este destacado evento acad\u00e9mico reafirma el compromiso de la Facultad de Ciencias Econ\u00f3micas de la UNT con la formaci\u00f3n integral, la investigaci\u00f3n aplicada y la vinculaci\u00f3n con el medio.<\/div>\n<\/div>\n<\/div>\n<\/div>\n<\/div>\n<div class=\"z-0 flex justify-end\"><\/div>\n<\/div>\n<\/div>\n<\/article>\n<article class=\"text-token-text-primary w-full focus:outline-none [--shadow-height:45px] has-data-writing-block:pointer-events-none has-data-writing-block:-mt-(--shadow-height) has-data-writing-block:pt-(--shadow-height) [&amp;:has([data-writing-block])&gt;*]:pointer-events-auto [content-visibility:auto] supports-[content-visibility:auto]:[contain-intrinsic-size:auto_100lvh] scroll-mt-[calc(var(--header-height)+min(200px,max(70px,20svh)))]\" dir=\"auto\" data-turn-id=\"request-674ef050-2fb0-8013-ad4d-12216af8577e-2\" data-testid=\"conversation-turn-180\" data-scroll-anchor=\"true\" data-turn=\"assistant\">\n<h6 class=\"sr-only\"><\/h6>\n<\/article>\n","protected":false},"excerpt":{"rendered":"<p>Los estudiantes de la carrera de Licenciatura en Econom\u00eda de la Facultad de Ciencias Econ\u00f3micas de la UNT, Franco Emanuel Quiroga, Ana Sof\u00eda Orellana, Leila Misuriello y las Profesoras Mariana Delgado Cordomi y Corina Paz Ter\u00e1n, participaron en la 55\u00b0 Reuni\u00f3n Anual de la Asociaci\u00f3n Argentina de Econom\u00eda Agraria (AAEA), realizada los d\u00edas 29, 30 [&hellip;]<\/p>\n","protected":false},"author":123458,"featured_media":1416,"comment_status":"open","ping_status":"open","sticky":false,"template":"","format":"standard","meta":{"footnotes":""},"categories":[1],"tags":[],"_links":{"self":[{"href":"https:\/\/face.unt.edu.ar\/web\/ieconomia\/wp-json\/wp\/v2\/posts\/1412"}],"collection":[{"href":"https:\/\/face.unt.edu.ar\/web\/ieconomia\/wp-json\/wp\/v2\/posts"}],"about":[{"href":"https:\/\/face.unt.edu.ar\/web\/ieconomia\/wp-json\/wp\/v2\/types\/post"}],"author":[{"embeddable":true,"href":"https:\/\/face.unt.edu.ar\/web\/ieconomia\/wp-json\/wp\/v2\/users\/123458"}],"replies":[{"embeddable":true,"href":"https:\/\/face.unt.edu.ar\/web\/ieconomia\/wp-json\/wp\/v2\/comments?post=1412"}],"version-history":[{"count":5,"href":"https:\/\/face.unt.edu.ar\/web\/ieconomia\/wp-json\/wp\/v2\/posts\/1412\/revisions"}],"predecessor-version":[{"id":1424,"href":"https:\/\/face.unt.edu.ar\/web\/ieconomia\/wp-json\/wp\/v2\/posts\/1412\/revisions\/1424"}],"wp:featuredmedia":[{"embeddable":true,"href":"https:\/\/face.unt.edu.ar\/web\/ieconomia\/wp-json\/wp\/v2\/media\/1416"}],"wp:attachment":[{"href":"https:\/\/face.unt.edu.ar\/web\/ieconomia\/wp-json\/wp\/v2\/media?parent=1412"}],"wp:term":[{"taxonomy":"category","embeddable":true,"href":"https:\/\/face.unt.edu.ar\/web\/ieconomia\/wp-json\/wp\/v2\/categories?post=1412"},{"taxonomy":"post_tag","embeddable":true,"href":"https:\/\/face.unt.edu.ar\/web\/ieconomia\/wp-json\/wp\/v2\/tags?post=1412"}],"curies":[{"name":"wp","href":"https:\/\/api.w.org\/{rel}","templated":true}]}}