{"id":1438,"date":"2026-04-16T13:29:26","date_gmt":"2026-04-16T13:29:26","guid":{"rendered":"https:\/\/face.unt.edu.ar\/web\/ieconomia\/?p=1438"},"modified":"2026-04-16T13:36:53","modified_gmt":"2026-04-16T13:36:53","slug":"pobreza-energetica-en-los-hogares-argentinos-una-aproximacion-a-las-curvas-de-engel","status":"publish","type":"post","link":"https:\/\/face.unt.edu.ar\/web\/ieconomia\/pobreza-energetica-en-los-hogares-argentinos-una-aproximacion-a-las-curvas-de-engel\/","title":{"rendered":"POBREZA ENERG\u00c9TICA EN LOS HOGARES ARGENTINOS. Una aproximaci\u00f3n a las Curvas de Engel"},"content":{"rendered":"<p>La pobreza energ\u00e9tica, entendida como la situaci\u00f3n en la que un hogar destina m\u00e1s del 10% de sus ingresos totales a cubrir necesidades energ\u00e9ticas, refleja una dimensi\u00f3n cr\u00edtica del bienestar de los hogares, ya que limita su capacidad de satisfacer otras necesidades b\u00e1sicas. Este fen\u00f3meno no solo afecta las condiciones materiales de vida, sino que tambi\u00e9n tiene implicaciones sobre la salud, la calidad de la vivienda, el confort t\u00e9rmico de los hogares y las decisiones de pol\u00edticas p\u00fablicas. En este contexto, el presente estudio tiene como objetivo analizar la pobreza energ\u00e9tica en Argentina utilizando la Encuesta Nacional de Gastos de los Hogares (ENGHo) 2017-2018.<\/p>\n<p>A trav\u00e9s de la estimaci\u00f3n de Curvas de Engel, examinamos la relaci\u00f3n entre el gasto energ\u00e9tico y el gasto total per c\u00e1pita de los hogares, revelando una tendencia clara: a mayor gasto total, menor es la proporci\u00f3n destinada a energ\u00eda. Los resultados evidencian disparidades regionales y muestran que, aunque algunos hogares en situaci\u00f3n de pobreza energ\u00e9tica tambi\u00e9n son pobres monetarios, otros no lo son. Adem\u00e1s, factores no monetarios, como el control de la temperatura y la propiedad de la vivienda, resultan determinantes significativos, mientras que variables como el uso de energ\u00edas modernas y el estado de la vivienda no tienen el impacto esperado.<\/p>\n<p>Este trabajo propone un enfoque integral que combina dimensiones monetarias y no monetarias para ofrecer una visi\u00f3n m\u00e1s amplia del fen\u00f3meno de la pobreza energ\u00e9tica en Argentina.<\/p>\n<p>Palabras Claves: Pobreza Energ\u00e9tica, Curvas de Engel, ENGHo, gasto en energ\u00eda, enfoque de gasto.<\/p>\n<p>&nbsp;<\/p>\n<p>Autoras: Carolina De Boeck y Guadalupe Gorostiaga<\/p>\n<p>Directores: M. Florencia Correa Deza y Esteban A. Nicolini<\/p>\n<p><a href=\"https:\/\/drive.google.com\/file\/d\/143ji65wnORVVd7MdEs9vjRQIOsBKQhXQ\/view?usp=drive_link\" target=\"_blank\" rel=\"noopener\">Lee la tesis completa haciendo click aqu\u00ed<\/a><\/p>\n","protected":false},"excerpt":{"rendered":"<p>La pobreza energ\u00e9tica, entendida como la situaci\u00f3n en la que un hogar destina m\u00e1s del 10% de sus ingresos totales a cubrir necesidades energ\u00e9ticas, refleja una dimensi\u00f3n cr\u00edtica del bienestar de los hogares, ya que limita su capacidad de satisfacer otras necesidades b\u00e1sicas. Este fen\u00f3meno no solo afecta las condiciones materiales de vida, sino que [&hellip;]<\/p>\n","protected":false},"author":123458,"featured_media":1442,"comment_status":"open","ping_status":"open","sticky":false,"template":"","format":"standard","meta":{"footnotes":""},"categories":[1,8],"tags":[],"_links":{"self":[{"href":"https:\/\/face.unt.edu.ar\/web\/ieconomia\/wp-json\/wp\/v2\/posts\/1438"}],"collection":[{"href":"https:\/\/face.unt.edu.ar\/web\/ieconomia\/wp-json\/wp\/v2\/posts"}],"about":[{"href":"https:\/\/face.unt.edu.ar\/web\/ieconomia\/wp-json\/wp\/v2\/types\/post"}],"author":[{"embeddable":true,"href":"https:\/\/face.unt.edu.ar\/web\/ieconomia\/wp-json\/wp\/v2\/users\/123458"}],"replies":[{"embeddable":true,"href":"https:\/\/face.unt.edu.ar\/web\/ieconomia\/wp-json\/wp\/v2\/comments?post=1438"}],"version-history":[{"count":1,"href":"https:\/\/face.unt.edu.ar\/web\/ieconomia\/wp-json\/wp\/v2\/posts\/1438\/revisions"}],"predecessor-version":[{"id":1440,"href":"https:\/\/face.unt.edu.ar\/web\/ieconomia\/wp-json\/wp\/v2\/posts\/1438\/revisions\/1440"}],"wp:featuredmedia":[{"embeddable":true,"href":"https:\/\/face.unt.edu.ar\/web\/ieconomia\/wp-json\/wp\/v2\/media\/1442"}],"wp:attachment":[{"href":"https:\/\/face.unt.edu.ar\/web\/ieconomia\/wp-json\/wp\/v2\/media?parent=1438"}],"wp:term":[{"taxonomy":"category","embeddable":true,"href":"https:\/\/face.unt.edu.ar\/web\/ieconomia\/wp-json\/wp\/v2\/categories?post=1438"},{"taxonomy":"post_tag","embeddable":true,"href":"https:\/\/face.unt.edu.ar\/web\/ieconomia\/wp-json\/wp\/v2\/tags?post=1438"}],"curies":[{"name":"wp","href":"https:\/\/api.w.org\/{rel}","templated":true}]}}