{"id":213,"date":"2017-08-07T23:10:34","date_gmt":"2017-08-07T23:10:34","guid":{"rendered":"http:\/\/face.unt.edu.ar\/web\/ieconomia\/?p=213"},"modified":"2017-08-07T23:10:34","modified_gmt":"2017-08-07T23:10:34","slug":"silvana-tenreyro-presenciara-una-exposicion-monografica-de-alumnos-de-la-face","status":"publish","type":"post","link":"https:\/\/face.unt.edu.ar\/web\/ieconomia\/silvana-tenreyro-presenciara-una-exposicion-monografica-de-alumnos-de-la-face\/","title":{"rendered":"Silvana Tenreyro presenciar\u00e1 una exposici\u00f3n monogr\u00e1fica de alumnos de la FACE"},"content":{"rendered":"<div dir=\"ltr\">Este jueves a las 10.30 horas, alumnos de la c\u00e1tedra Teor\u00eda Monetaria II de la Licenciatura en Econom\u00eda\u00a0que se dicta ne nuestra Casa, presentar\u00e1n sus monograf\u00edas con el tema \u00abT\u00e9rminos de intercambio y ciclos de crecimiento: evidencia de los \u00faltimos 50 a\u00f1os<\/div>\n<div dir=\"ltr\">En\u00a0la ocasi\u00f3n\u00a0estar\u00e1 presente Silvana\u00a0<span class=\"il\">Tenreyro<\/span>\u00a0destacada egresada de nuestra Facultad.<\/div>\n","protected":false},"excerpt":{"rendered":"<p>Este jueves a las 10.30 horas, alumnos de la c\u00e1tedra Teor\u00eda Monetaria II de la Licenciatura en Econom\u00eda\u00a0que se dicta ne nuestra Casa, presentar\u00e1n sus monograf\u00edas con el tema \u00abT\u00e9rminos de intercambio y ciclos de crecimiento: evidencia de los \u00faltimos 50 a\u00f1os En\u00a0la ocasi\u00f3n\u00a0estar\u00e1 presente Silvana\u00a0Tenreyro\u00a0destacada egresada de nuestra Facultad.<\/p>\n","protected":false},"author":3,"featured_media":214,"comment_status":"open","ping_status":"open","sticky":false,"template":"","format":"standard","meta":{"footnotes":""},"categories":[1,10],"tags":[],"_links":{"self":[{"href":"https:\/\/face.unt.edu.ar\/web\/ieconomia\/wp-json\/wp\/v2\/posts\/213"}],"collection":[{"href":"https:\/\/face.unt.edu.ar\/web\/ieconomia\/wp-json\/wp\/v2\/posts"}],"about":[{"href":"https:\/\/face.unt.edu.ar\/web\/ieconomia\/wp-json\/wp\/v2\/types\/post"}],"author":[{"embeddable":true,"href":"https:\/\/face.unt.edu.ar\/web\/ieconomia\/wp-json\/wp\/v2\/users\/3"}],"replies":[{"embeddable":true,"href":"https:\/\/face.unt.edu.ar\/web\/ieconomia\/wp-json\/wp\/v2\/comments?post=213"}],"version-history":[{"count":1,"href":"https:\/\/face.unt.edu.ar\/web\/ieconomia\/wp-json\/wp\/v2\/posts\/213\/revisions"}],"predecessor-version":[{"id":215,"href":"https:\/\/face.unt.edu.ar\/web\/ieconomia\/wp-json\/wp\/v2\/posts\/213\/revisions\/215"}],"wp:featuredmedia":[{"embeddable":true,"href":"https:\/\/face.unt.edu.ar\/web\/ieconomia\/wp-json\/wp\/v2\/media\/214"}],"wp:attachment":[{"href":"https:\/\/face.unt.edu.ar\/web\/ieconomia\/wp-json\/wp\/v2\/media?parent=213"}],"wp:term":[{"taxonomy":"category","embeddable":true,"href":"https:\/\/face.unt.edu.ar\/web\/ieconomia\/wp-json\/wp\/v2\/categories?post=213"},{"taxonomy":"post_tag","embeddable":true,"href":"https:\/\/face.unt.edu.ar\/web\/ieconomia\/wp-json\/wp\/v2\/tags?post=213"}],"curies":[{"name":"wp","href":"https:\/\/api.w.org\/{rel}","templated":true}]}}