{"id":77,"date":"2014-09-05T02:16:46","date_gmt":"2014-09-05T02:16:46","guid":{"rendered":"http:\/\/face.unt.edu.ar\/web\/ieconomia\/?p=77"},"modified":"2014-09-05T02:16:46","modified_gmt":"2014-09-05T02:16:46","slug":"el-profesor-lic-patricio-cossio-participara-de-un-master-que-se-desarrollara-en-la-region-de-toscana-italia","status":"publish","type":"post","link":"https:\/\/face.unt.edu.ar\/web\/ieconomia\/el-profesor-lic-patricio-cossio-participara-de-un-master-que-se-desarrollara-en-la-region-de-toscana-italia\/","title":{"rendered":"El profesor Lic. Patricio Cossio participar\u00e1 de un Master que se desarrollar\u00e1 en la regi\u00f3n de Toscana, Italia."},"content":{"rendered":"<p>Nos enorgullece que nuestro plantel docente, cuente con profesionales como el Lic. Patricio Cossio, quien participar\u00e1 de un Master que se desarrollar\u00e1 en la regi\u00f3n de Toscana, Italia.<!--more--><br \/>\n<a href=\"http:\/\/face.unt.edu.ar\/web\/wp-content\/uploads\/2014\/08\/patriocio-cossio.jpg\"><img decoding=\"async\" loading=\"lazy\" class=\"alignleft wp-image-120 \" src=\"http:\/\/face.unt.edu.ar\/web\/wp-content\/uploads\/2014\/08\/patriocio-cossio.jpg\" alt=\"patriocio-cossio\" width=\"145\" height=\"144\" \/><\/a>El profesor fue admitido para realizar el Master en \u201cPerspectivas y Fundamentos de una Cultura de la Unidad\u201d con especializaci\u00f3n en Econom\u00eda y Administraci\u00f3n en el Instituto Universitario Sophia, Italia.<\/p>\n","protected":false},"excerpt":{"rendered":"<p>Nos enorgullece que nuestro plantel docente, cuente con profesionales como el Lic. Patricio Cossio, quien participar\u00e1 de un Master que se desarrollar\u00e1 en la regi\u00f3n de Toscana, Italia.<\/p>\n","protected":false},"author":5,"featured_media":78,"comment_status":"open","ping_status":"open","sticky":false,"template":"","format":"standard","meta":{"footnotes":""},"categories":[1],"tags":[],"_links":{"self":[{"href":"https:\/\/face.unt.edu.ar\/web\/ieconomia\/wp-json\/wp\/v2\/posts\/77"}],"collection":[{"href":"https:\/\/face.unt.edu.ar\/web\/ieconomia\/wp-json\/wp\/v2\/posts"}],"about":[{"href":"https:\/\/face.unt.edu.ar\/web\/ieconomia\/wp-json\/wp\/v2\/types\/post"}],"author":[{"embeddable":true,"href":"https:\/\/face.unt.edu.ar\/web\/ieconomia\/wp-json\/wp\/v2\/users\/5"}],"replies":[{"embeddable":true,"href":"https:\/\/face.unt.edu.ar\/web\/ieconomia\/wp-json\/wp\/v2\/comments?post=77"}],"version-history":[{"count":1,"href":"https:\/\/face.unt.edu.ar\/web\/ieconomia\/wp-json\/wp\/v2\/posts\/77\/revisions"}],"predecessor-version":[{"id":79,"href":"https:\/\/face.unt.edu.ar\/web\/ieconomia\/wp-json\/wp\/v2\/posts\/77\/revisions\/79"}],"wp:featuredmedia":[{"embeddable":true,"href":"https:\/\/face.unt.edu.ar\/web\/ieconomia\/wp-json\/wp\/v2\/media\/78"}],"wp:attachment":[{"href":"https:\/\/face.unt.edu.ar\/web\/ieconomia\/wp-json\/wp\/v2\/media?parent=77"}],"wp:term":[{"taxonomy":"category","embeddable":true,"href":"https:\/\/face.unt.edu.ar\/web\/ieconomia\/wp-json\/wp\/v2\/categories?post=77"},{"taxonomy":"post_tag","embeddable":true,"href":"https:\/\/face.unt.edu.ar\/web\/ieconomia\/wp-json\/wp\/v2\/tags?post=77"}],"curies":[{"name":"wp","href":"https:\/\/api.w.org\/{rel}","templated":true}]}}