{"id":796,"date":"2021-11-03T12:35:20","date_gmt":"2021-11-03T12:35:20","guid":{"rendered":"https:\/\/face.unt.edu.ar\/web\/ieconomia\/?p=796"},"modified":"2021-11-03T13:48:46","modified_gmt":"2021-11-03T13:48:46","slug":"premio-nacional-al-estudiante-investigador-de-ciencias-economicas","status":"publish","type":"post","link":"https:\/\/face.unt.edu.ar\/web\/ieconomia\/premio-nacional-al-estudiante-investigador-de-ciencias-economicas\/","title":{"rendered":"Premio Nacional al Estudiante Investigador de Ciencias Econ\u00f3micas."},"content":{"rendered":"<p>Tenemos el honor de comunicar que Daniel Ignacio Seid\u00e1n Boquete y Benjam\u00edn G\u00f3mez Alonzo, recientes graduados de nuestra carrera, obtuvieron el\u00a0<strong>Segundo Premio<\/strong>\u00a0del concurso\u00a0<strong><em>\u201cPremio Nacional al Estudiante Investigador en Ciencias Econ\u00f3micas\u201d (PREMIE) &#8211;<\/em><\/strong> Convocatoria 2021. Otorgado por la Universidad Nacional del Litoral con el apoyo del Banco Credicoop Cooperativo Limitado.<\/p>\n<p>Este premio se entrega a los dos mejores trabajos de investigaci\u00f3n presentados por estudiantes de grado de universidades nacionales de la Argentina, con el prop\u00f3sito de estimular y promover el reconocimiento a la excelencia en la investigaci\u00f3n cient\u00edfica y\/o acad\u00e9mica en las disciplinas afines a las Ciencias Econ\u00f3micas.<\/p>\n<p>Daniel y Benjam\u00edn participaron con su trabajo\u00a0 \u201cEl efecto del regreso a clases presenciales durante la Pandemia del COVID-19 en los casos confirmados en Argentina\u201d, donde analizaron el efecto del retorno a clases presenciales entre febrero y marzo de 2021 en Argentina en los niveles inicial, primario y secundario sobre el nivel de contagios por COVID-19 en 57 departamentos del pa\u00eds.<\/p>\n<p><a href=\"https:\/\/drive.google.com\/file\/d\/1qSf2VTbDfF-DZf-36WND8x4gmyPyeYiX\/view?usp=sharing\" target=\"_blank\" rel=\"noopener\">Lee la investigaci\u00f3n completa haciendo click aqu\u00ed<\/a><\/p>\n<p>&nbsp;<\/p>\n","protected":false},"excerpt":{"rendered":"<p>Tenemos el honor de comunicar que Daniel Ignacio Seid\u00e1n Boquete y Benjam\u00edn G\u00f3mez Alonzo, recientes graduados de nuestra carrera, obtuvieron el\u00a0Segundo Premio\u00a0del concurso\u00a0\u201cPremio Nacional al Estudiante Investigador en Ciencias Econ\u00f3micas\u201d (PREMIE) &#8211; Convocatoria 2021. Otorgado por la Universidad Nacional del Litoral con el apoyo del Banco Credicoop Cooperativo Limitado. Este premio se entrega a los [&hellip;]<\/p>\n","protected":false},"author":123458,"featured_media":797,"comment_status":"open","ping_status":"open","sticky":false,"template":"","format":"standard","meta":{"footnotes":""},"categories":[1],"tags":[],"_links":{"self":[{"href":"https:\/\/face.unt.edu.ar\/web\/ieconomia\/wp-json\/wp\/v2\/posts\/796"}],"collection":[{"href":"https:\/\/face.unt.edu.ar\/web\/ieconomia\/wp-json\/wp\/v2\/posts"}],"about":[{"href":"https:\/\/face.unt.edu.ar\/web\/ieconomia\/wp-json\/wp\/v2\/types\/post"}],"author":[{"embeddable":true,"href":"https:\/\/face.unt.edu.ar\/web\/ieconomia\/wp-json\/wp\/v2\/users\/123458"}],"replies":[{"embeddable":true,"href":"https:\/\/face.unt.edu.ar\/web\/ieconomia\/wp-json\/wp\/v2\/comments?post=796"}],"version-history":[{"count":2,"href":"https:\/\/face.unt.edu.ar\/web\/ieconomia\/wp-json\/wp\/v2\/posts\/796\/revisions"}],"predecessor-version":[{"id":803,"href":"https:\/\/face.unt.edu.ar\/web\/ieconomia\/wp-json\/wp\/v2\/posts\/796\/revisions\/803"}],"wp:featuredmedia":[{"embeddable":true,"href":"https:\/\/face.unt.edu.ar\/web\/ieconomia\/wp-json\/wp\/v2\/media\/797"}],"wp:attachment":[{"href":"https:\/\/face.unt.edu.ar\/web\/ieconomia\/wp-json\/wp\/v2\/media?parent=796"}],"wp:term":[{"taxonomy":"category","embeddable":true,"href":"https:\/\/face.unt.edu.ar\/web\/ieconomia\/wp-json\/wp\/v2\/categories?post=796"},{"taxonomy":"post_tag","embeddable":true,"href":"https:\/\/face.unt.edu.ar\/web\/ieconomia\/wp-json\/wp\/v2\/tags?post=796"}],"curies":[{"name":"wp","href":"https:\/\/api.w.org\/{rel}","templated":true}]}}