{"id":87,"date":"2014-09-05T02:37:02","date_gmt":"2014-09-05T02:37:02","guid":{"rendered":"http:\/\/face.unt.edu.ar\/web\/ieconomia\/?p=87"},"modified":"2014-09-05T02:37:02","modified_gmt":"2014-09-05T02:37:02","slug":"seminario-rupturas-y-continuidades-en-las-politicas-sociales-argentinas","status":"publish","type":"post","link":"https:\/\/face.unt.edu.ar\/web\/ieconomia\/seminario-rupturas-y-continuidades-en-las-politicas-sociales-argentinas\/","title":{"rendered":"Seminario Rupturas y Continuidades en las Pol\u00edticas Sociales Argentinas"},"content":{"rendered":"<p>La C\u00e1tedra Abierta de Econom\u00eda y Sociedad de la FACE invita al Seminario Rupturas y Continuidades en las Pol\u00edticas Sociales Argentinas a cargo de la Licenciada LAURA GOLBERT.<br \/>\n<!--more--><\/p>\n<p>Es necesario destacar que el seminario se reprogram\u00f3 por motivos de fuerza mayor, por lo tanto se realizar\u00e1 el pr\u00f3ximo viernes 29 de agosto a las 18.30 horas, en el Aula 2 de nuestra Facultad.<\/p>\n<p>El mismo est\u00e1 dirigido a estudiantes, docentes, profesionales de diversas \u00e1reas y al p\u00fablico en general interesado en diferentes aspectos relacionados con las pol\u00edticas sociales.<\/p>\n<p>Asimismo desde la c\u00e1tedra se informa que \u00e9ste ser\u00e1 de car\u00e1cter gratuito para todo p\u00fablico.<\/p>\n<p>Podr\u00e1n inscribirse completando el formulario del siguiente link, o personalmente en la Facultad<\/p>\n<p>Incsripci\u00f3n:<\/p>\n<p><a href=\"https:\/\/docs.google.com\/forms\/d\/1IHjklhXpD9lQ7Zkb_GmCfeZIQONyWO9ImX1EcU_NtMo\/viewform?usp=send_form\">https:\/\/docs.google.com\/forms\/d\/1IHjklhXpD9lQ7Zkb_GmCfeZIQONyWO9ImX1EcU_NtMo\/viewform?usp=send_form<\/a><\/p>\n<p><a href=\"http:\/\/face.unt.edu.ar\/web\/wp-content\/uploads\/2014\/08\/10636663_733812690011651_6257086149856112082_o.jpg\"><img decoding=\"async\" loading=\"lazy\" class=\"size-full wp-image-374 aligncenter\" src=\"http:\/\/face.unt.edu.ar\/web\/wp-content\/uploads\/2014\/08\/10636663_733812690011651_6257086149856112082_o.jpg\" alt=\"10636663_733812690011651_6257086149856112082_o\" width=\"474\" height=\"670\" \/><\/a><\/p>\n<p>&nbsp;<\/p>\n","protected":false},"excerpt":{"rendered":"<p>La C\u00e1tedra Abierta de Econom\u00eda y Sociedad de la FACE invita al Seminario Rupturas y Continuidades en las Pol\u00edticas Sociales Argentinas a cargo de la Licenciada LAURA GOLBERT.<\/p>\n","protected":false},"author":5,"featured_media":88,"comment_status":"open","ping_status":"open","sticky":false,"template":"","format":"standard","meta":{"footnotes":""},"categories":[1],"tags":[],"_links":{"self":[{"href":"https:\/\/face.unt.edu.ar\/web\/ieconomia\/wp-json\/wp\/v2\/posts\/87"}],"collection":[{"href":"https:\/\/face.unt.edu.ar\/web\/ieconomia\/wp-json\/wp\/v2\/posts"}],"about":[{"href":"https:\/\/face.unt.edu.ar\/web\/ieconomia\/wp-json\/wp\/v2\/types\/post"}],"author":[{"embeddable":true,"href":"https:\/\/face.unt.edu.ar\/web\/ieconomia\/wp-json\/wp\/v2\/users\/5"}],"replies":[{"embeddable":true,"href":"https:\/\/face.unt.edu.ar\/web\/ieconomia\/wp-json\/wp\/v2\/comments?post=87"}],"version-history":[{"count":1,"href":"https:\/\/face.unt.edu.ar\/web\/ieconomia\/wp-json\/wp\/v2\/posts\/87\/revisions"}],"predecessor-version":[{"id":89,"href":"https:\/\/face.unt.edu.ar\/web\/ieconomia\/wp-json\/wp\/v2\/posts\/87\/revisions\/89"}],"wp:featuredmedia":[{"embeddable":true,"href":"https:\/\/face.unt.edu.ar\/web\/ieconomia\/wp-json\/wp\/v2\/media\/88"}],"wp:attachment":[{"href":"https:\/\/face.unt.edu.ar\/web\/ieconomia\/wp-json\/wp\/v2\/media?parent=87"}],"wp:term":[{"taxonomy":"category","embeddable":true,"href":"https:\/\/face.unt.edu.ar\/web\/ieconomia\/wp-json\/wp\/v2\/categories?post=87"},{"taxonomy":"post_tag","embeddable":true,"href":"https:\/\/face.unt.edu.ar\/web\/ieconomia\/wp-json\/wp\/v2\/tags?post=87"}],"curies":[{"name":"wp","href":"https:\/\/api.w.org\/{rel}","templated":true}]}}