{"id":902,"date":"2022-04-05T15:27:28","date_gmt":"2022-04-05T15:27:28","guid":{"rendered":"https:\/\/face.unt.edu.ar\/web\/ieconomia\/?p=902"},"modified":"2022-04-05T15:27:28","modified_gmt":"2022-04-05T15:27:28","slug":"seminario-de-tesina-12-de-abril","status":"publish","type":"post","link":"https:\/\/face.unt.edu.ar\/web\/ieconomia\/seminario-de-tesina-12-de-abril\/","title":{"rendered":"Seminario de Tesina 12 de Abril"},"content":{"rendered":"<p>El\u00a0<strong>martes 12 de Abril<\/strong>, tendr\u00e1n lugar un <strong>Seminario de Tesina<\/strong>\u00a0de estudiantes de la Licenciatura en Econom\u00eda de nuestra Facultad.<\/p>\n<p>Se realizar\u00e1n a partir de las<strong>\u00a009:00 horas<\/strong>, con modalidad presencial, en el\u00a0<strong>aula 8<\/strong>\u00a0de esta unidad acad\u00e9mica.<\/p>\n<p>El trabajo de investigaci\u00f3n que se presentara es el siguiente:<\/p>\n<div><b>\u00a0\u201cBIENESTAR Y DESARROLLO: EVOLUCI\u00d3N DE LA TEOR\u00cdA DEL BIENESTAR HACIA<\/b><\/div>\n<div><b>EL ENFOQUE DE LAS CAPACIDADES\u00a0\u201d<\/b><\/div>\n<div><\/div>\n<p>Autoras: <span style=\"font-family: verdana, sans-serif\">\u00a0<\/span>Pilar Arga\u00f1araz Zavalia y\u00a0Mar\u00eda del Rosario Alderete Colombo.<br \/>\nDirectores: <span style=\"font-family: verdana, sans-serif\">\u00a0 Patricio Cossio y Beatriz \u00c1lvarez<\/span><\/p>\n<p><b>Resumen:<\/b><\/p>\n<p>La teor\u00eda del Bienestar Social capt\u00f3 la atenci\u00f3n de numerosos autores, fue cambiando a lo largo del tiempo y desarroll\u00e1ndose de distintas maneras. Existen numerosos indicadores que buscan medir el andar de la econom\u00eda, el bienestar o el desarrollo de las sociedades pero ninguno logra captar la totalidad de las dimensiones que hacen en s\u00ed al bienestar o desarrollo. Este trabajo busca comprender c\u00f3mo se podr\u00eda medir el bienestar o el desarrollo desde un enfoque como el planteado por Amartya Sen. Para ello, en primer lugar, revisamos los autores cl\u00e1sicos de la Teor\u00eda del Bienestar para luego clasificarlos y abordarlos desde la perspectiva del desarrollo como libertad seg\u00fan el enfoque de Sen. En segundo lugar, procuramos replicar un \u00edndice que represente de una manera m\u00e1s acabada el nivel de bienestar en Argentina para los a\u00f1os 2003-2021.<\/p>\n","protected":false},"excerpt":{"rendered":"<p>El\u00a0martes 12 de Abril, tendr\u00e1n lugar un Seminario de Tesina\u00a0de estudiantes de la Licenciatura en Econom\u00eda de nuestra Facultad. Se realizar\u00e1n a partir de las\u00a009:00 horas, con modalidad presencial, en el\u00a0aula 8\u00a0de esta unidad acad\u00e9mica. El trabajo de investigaci\u00f3n que se presentara es el siguiente: \u00a0\u201cBIENESTAR Y DESARROLLO: EVOLUCI\u00d3N DE LA TEOR\u00cdA DEL BIENESTAR HACIA [&hellip;]<\/p>\n","protected":false},"author":123458,"featured_media":903,"comment_status":"open","ping_status":"open","sticky":false,"template":"","format":"standard","meta":{"footnotes":""},"categories":[4,1],"tags":[],"_links":{"self":[{"href":"https:\/\/face.unt.edu.ar\/web\/ieconomia\/wp-json\/wp\/v2\/posts\/902"}],"collection":[{"href":"https:\/\/face.unt.edu.ar\/web\/ieconomia\/wp-json\/wp\/v2\/posts"}],"about":[{"href":"https:\/\/face.unt.edu.ar\/web\/ieconomia\/wp-json\/wp\/v2\/types\/post"}],"author":[{"embeddable":true,"href":"https:\/\/face.unt.edu.ar\/web\/ieconomia\/wp-json\/wp\/v2\/users\/123458"}],"replies":[{"embeddable":true,"href":"https:\/\/face.unt.edu.ar\/web\/ieconomia\/wp-json\/wp\/v2\/comments?post=902"}],"version-history":[{"count":1,"href":"https:\/\/face.unt.edu.ar\/web\/ieconomia\/wp-json\/wp\/v2\/posts\/902\/revisions"}],"predecessor-version":[{"id":904,"href":"https:\/\/face.unt.edu.ar\/web\/ieconomia\/wp-json\/wp\/v2\/posts\/902\/revisions\/904"}],"wp:featuredmedia":[{"embeddable":true,"href":"https:\/\/face.unt.edu.ar\/web\/ieconomia\/wp-json\/wp\/v2\/media\/903"}],"wp:attachment":[{"href":"https:\/\/face.unt.edu.ar\/web\/ieconomia\/wp-json\/wp\/v2\/media?parent=902"}],"wp:term":[{"taxonomy":"category","embeddable":true,"href":"https:\/\/face.unt.edu.ar\/web\/ieconomia\/wp-json\/wp\/v2\/categories?post=902"},{"taxonomy":"post_tag","embeddable":true,"href":"https:\/\/face.unt.edu.ar\/web\/ieconomia\/wp-json\/wp\/v2\/tags?post=902"}],"curies":[{"name":"wp","href":"https:\/\/api.w.org\/{rel}","templated":true}]}}