{"id":936,"date":"2022-05-23T12:59:20","date_gmt":"2022-05-23T12:59:20","guid":{"rendered":"https:\/\/face.unt.edu.ar\/web\/ieconomia\/?p=936"},"modified":"2022-05-23T13:01:34","modified_gmt":"2022-05-23T13:01:34","slug":"pobreza-e-indigencia-las-maximas-preocupaciones-publicacion-en-la-gaceta","status":"publish","type":"post","link":"https:\/\/face.unt.edu.ar\/web\/ieconomia\/pobreza-e-indigencia-las-maximas-preocupaciones-publicacion-en-la-gaceta\/","title":{"rendered":"Pobreza e indigencia, las m\u00e1ximas preocupaciones &#8211; Publicaci\u00f3n en La Gaceta"},"content":{"rendered":"<div class=\"col-xl-10\">\n<p>Por Alejandro Danon<\/p>\n<div class=\"articleBody\">\n<p>Disminuir la pobreza y la indigencia constituye para muchos de nuestros hacedores de pol\u00edticas p\u00fablicas su principal objetivo y para muchos de nosotros el \u00e9xito o fracaso como sociedad. Sin embargo, debido a m\u00faltiples cambios metodol\u00f3gicos, por parte del Indec, durante los \u00faltimos 10 a\u00f1os las mediciones oficiales de las estad\u00edsticas de pobreza e indigencia han perdido una de sus principales funciones: la comparabilidad a lo largo del tiempo.<\/p>\n<\/div>\n<\/div>\n<div class=\"col-xl-10\">\n<div class=\"articleBody\">\n<p>De ah\u00ed que, desde el Laboratorio de Pol\u00edticas P\u00fablicas para el Desarrollo Equitativo de la Facultad de Ciencias Ec\u00f3nomicas de la UNT (LAPDE), generamos una serie comparable longitudinal. Esto permite cotejar cifras de las distintas provincias argentinas para los \u00faltimos 10 a\u00f1os, siendo a su vez contrastables con las series del Indec desde 2016.<\/p>\n<p>Para leer la nota completa, hacer clic en el siguiente link:<\/p>\n<p class=\"entry-title\"><a href=\"https:\/\/www.lapde.unt.edu.ar\/pobreza-e-indigencia-las-maximas-preocupaciones\/\" target=\"_blank\" rel=\"noopener\">Pobreza e indigencia, las m\u00e1ximas preocupaciones &#8211; LAPDE<\/a><\/p>\n<p><a href=\"https:\/\/www.lagaceta.com.ar\/nota\/925302\/actualidad\/probreza-e-indigencia-maximas-preocupaciones.html\" target=\"_blank\" rel=\"noopener\">https:\/\/www.lagaceta.com.ar\/nota\/925302\/actualidad\/probreza-e-indigencia-maximas-preocupaciones.html<\/a><\/p>\n<\/div>\n<\/div>\n","protected":false},"excerpt":{"rendered":"<p>Por Alejandro Danon Disminuir la pobreza y la indigencia constituye para muchos de nuestros hacedores de pol\u00edticas p\u00fablicas su principal objetivo y para muchos de nosotros el \u00e9xito o fracaso como sociedad. Sin embargo, debido a m\u00faltiples cambios metodol\u00f3gicos, por parte del Indec, durante los \u00faltimos 10 a\u00f1os las mediciones oficiales de las estad\u00edsticas de [&hellip;]<\/p>\n","protected":false},"author":123458,"featured_media":937,"comment_status":"open","ping_status":"open","sticky":false,"template":"","format":"standard","meta":{"footnotes":""},"categories":[7,1],"tags":[],"_links":{"self":[{"href":"https:\/\/face.unt.edu.ar\/web\/ieconomia\/wp-json\/wp\/v2\/posts\/936"}],"collection":[{"href":"https:\/\/face.unt.edu.ar\/web\/ieconomia\/wp-json\/wp\/v2\/posts"}],"about":[{"href":"https:\/\/face.unt.edu.ar\/web\/ieconomia\/wp-json\/wp\/v2\/types\/post"}],"author":[{"embeddable":true,"href":"https:\/\/face.unt.edu.ar\/web\/ieconomia\/wp-json\/wp\/v2\/users\/123458"}],"replies":[{"embeddable":true,"href":"https:\/\/face.unt.edu.ar\/web\/ieconomia\/wp-json\/wp\/v2\/comments?post=936"}],"version-history":[{"count":1,"href":"https:\/\/face.unt.edu.ar\/web\/ieconomia\/wp-json\/wp\/v2\/posts\/936\/revisions"}],"predecessor-version":[{"id":938,"href":"https:\/\/face.unt.edu.ar\/web\/ieconomia\/wp-json\/wp\/v2\/posts\/936\/revisions\/938"}],"wp:featuredmedia":[{"embeddable":true,"href":"https:\/\/face.unt.edu.ar\/web\/ieconomia\/wp-json\/wp\/v2\/media\/937"}],"wp:attachment":[{"href":"https:\/\/face.unt.edu.ar\/web\/ieconomia\/wp-json\/wp\/v2\/media?parent=936"}],"wp:term":[{"taxonomy":"category","embeddable":true,"href":"https:\/\/face.unt.edu.ar\/web\/ieconomia\/wp-json\/wp\/v2\/categories?post=936"},{"taxonomy":"post_tag","embeddable":true,"href":"https:\/\/face.unt.edu.ar\/web\/ieconomia\/wp-json\/wp\/v2\/tags?post=936"}],"curies":[{"name":"wp","href":"https:\/\/api.w.org\/{rel}","templated":true}]}}