{"id":946,"date":"2022-05-30T13:42:21","date_gmt":"2022-05-30T13:42:21","guid":{"rendered":"https:\/\/face.unt.edu.ar\/web\/ieconomia\/?p=946"},"modified":"2022-05-30T13:42:21","modified_gmt":"2022-05-30T13:42:21","slug":"visita-a-la-estacion-experimental-agroindustrial-obispo-colombres","status":"publish","type":"post","link":"https:\/\/face.unt.edu.ar\/web\/ieconomia\/visita-a-la-estacion-experimental-agroindustrial-obispo-colombres\/","title":{"rendered":"Visita a la Estaci\u00f3n Experimental Agroindustrial Obispo Colombres"},"content":{"rendered":"<p>Alumnos y docentes de la C\u00e1tedra de Econom\u00eda Agr\u00edcola visitaron la Estaci\u00f3n Experimental<br \/>\nAgroindustrial Obispo Colombres (EEAOC) . En esa oportunidad fueron recibidos por la Ing. Daniela P\u00e9rez, de la secci\u00f3n Econom\u00eda y Estad\u00edsticas y por t\u00e9cnicos e investigadores de esta prestigiosa instituci\u00f3n. Participaron en charlas que trataron diversos temas vinculados a la actual agenda de investigaci\u00f3n: Secci\u00f3n econom\u00eda sobre el trabajo de recolecci\u00f3n y an\u00e1lisis de datos de los principales cultivos de la provincia, el rol de sensores remotos en la agricultura con especial \u00e9nfasis en aspectos vinculados a la sostenibilidad ambiental, bioproductos generados en la EEAOC, programa de mejoramiento gen\u00e9tico de las variedades de ca\u00f1a de az\u00facar y obtenci\u00f3n de semillas certificadas v\u00eda porta injertos para la venta a empresas y viveros c\u00edtricos de la provincia. Estos talleres informativos se complementaron con visitas al centro de saneamiento de citrus, a los laboratorios de fitopatolog\u00eda y a invern\u00e1culos de mejoramiento de variedades de ca\u00f1a. Esta actividad fue de gran utilidad para los alumnos, quienes pudieron apreciar in situ, el funcionamiento y la destacada labor de investigaci\u00f3n de la EEAOC para el aporte de soluciones y transferencia de tecnolog\u00eda de punta al sector agro-productivo de nuestra provincia.<\/p>\n<p><a href=\"https:\/\/face.unt.edu.ar\/web\/ieconomia\/wp-content\/uploads\/sites\/4\/2022\/05\/Foto-Visita-Experimental-2.jpeg\"><img decoding=\"async\" loading=\"lazy\" class=\" wp-image-948 aligncenter\" src=\"https:\/\/face.unt.edu.ar\/web\/ieconomia\/wp-content\/uploads\/sites\/4\/2022\/05\/Foto-Visita-Experimental-2-300x225.jpeg\" alt=\"\" width=\"495\" height=\"371\" srcset=\"https:\/\/face.unt.edu.ar\/web\/ieconomia\/wp-content\/uploads\/sites\/4\/2022\/05\/Foto-Visita-Experimental-2-300x225.jpeg 300w, https:\/\/face.unt.edu.ar\/web\/ieconomia\/wp-content\/uploads\/sites\/4\/2022\/05\/Foto-Visita-Experimental-2-1024x768.jpeg 1024w, https:\/\/face.unt.edu.ar\/web\/ieconomia\/wp-content\/uploads\/sites\/4\/2022\/05\/Foto-Visita-Experimental-2-768x576.jpeg 768w, https:\/\/face.unt.edu.ar\/web\/ieconomia\/wp-content\/uploads\/sites\/4\/2022\/05\/Foto-Visita-Experimental-2-1536x1152.jpeg 1536w, https:\/\/face.unt.edu.ar\/web\/ieconomia\/wp-content\/uploads\/sites\/4\/2022\/05\/Foto-Visita-Experimental-2-80x60.jpeg 80w, https:\/\/face.unt.edu.ar\/web\/ieconomia\/wp-content\/uploads\/sites\/4\/2022\/05\/Foto-Visita-Experimental-2-265x198.jpeg 265w, https:\/\/face.unt.edu.ar\/web\/ieconomia\/wp-content\/uploads\/sites\/4\/2022\/05\/Foto-Visita-Experimental-2-696x522.jpeg 696w, https:\/\/face.unt.edu.ar\/web\/ieconomia\/wp-content\/uploads\/sites\/4\/2022\/05\/Foto-Visita-Experimental-2-1068x801.jpeg 1068w, https:\/\/face.unt.edu.ar\/web\/ieconomia\/wp-content\/uploads\/sites\/4\/2022\/05\/Foto-Visita-Experimental-2-560x420.jpeg 560w, https:\/\/face.unt.edu.ar\/web\/ieconomia\/wp-content\/uploads\/sites\/4\/2022\/05\/Foto-Visita-Experimental-2.jpeg 1600w\" sizes=\"(max-width: 495px) 100vw, 495px\" \/><\/a><\/p>\n","protected":false},"excerpt":{"rendered":"<p>Alumnos y docentes de la C\u00e1tedra de Econom\u00eda Agr\u00edcola visitaron la Estaci\u00f3n Experimental Agroindustrial Obispo Colombres (EEAOC) . En esa oportunidad fueron recibidos por la Ing. Daniela P\u00e9rez, de la secci\u00f3n Econom\u00eda y Estad\u00edsticas y por t\u00e9cnicos e investigadores de esta prestigiosa instituci\u00f3n. Participaron en charlas que trataron diversos temas vinculados a la actual agenda [&hellip;]<\/p>\n","protected":false},"author":123458,"featured_media":947,"comment_status":"open","ping_status":"open","sticky":false,"template":"","format":"standard","meta":{"footnotes":""},"categories":[1],"tags":[],"_links":{"self":[{"href":"https:\/\/face.unt.edu.ar\/web\/ieconomia\/wp-json\/wp\/v2\/posts\/946"}],"collection":[{"href":"https:\/\/face.unt.edu.ar\/web\/ieconomia\/wp-json\/wp\/v2\/posts"}],"about":[{"href":"https:\/\/face.unt.edu.ar\/web\/ieconomia\/wp-json\/wp\/v2\/types\/post"}],"author":[{"embeddable":true,"href":"https:\/\/face.unt.edu.ar\/web\/ieconomia\/wp-json\/wp\/v2\/users\/123458"}],"replies":[{"embeddable":true,"href":"https:\/\/face.unt.edu.ar\/web\/ieconomia\/wp-json\/wp\/v2\/comments?post=946"}],"version-history":[{"count":1,"href":"https:\/\/face.unt.edu.ar\/web\/ieconomia\/wp-json\/wp\/v2\/posts\/946\/revisions"}],"predecessor-version":[{"id":949,"href":"https:\/\/face.unt.edu.ar\/web\/ieconomia\/wp-json\/wp\/v2\/posts\/946\/revisions\/949"}],"wp:featuredmedia":[{"embeddable":true,"href":"https:\/\/face.unt.edu.ar\/web\/ieconomia\/wp-json\/wp\/v2\/media\/947"}],"wp:attachment":[{"href":"https:\/\/face.unt.edu.ar\/web\/ieconomia\/wp-json\/wp\/v2\/media?parent=946"}],"wp:term":[{"taxonomy":"category","embeddable":true,"href":"https:\/\/face.unt.edu.ar\/web\/ieconomia\/wp-json\/wp\/v2\/categories?post=946"},{"taxonomy":"post_tag","embeddable":true,"href":"https:\/\/face.unt.edu.ar\/web\/ieconomia\/wp-json\/wp\/v2\/tags?post=946"}],"curies":[{"name":"wp","href":"https:\/\/api.w.org\/{rel}","templated":true}]}}