{"id":959,"date":"2022-07-05T13:13:09","date_gmt":"2022-07-05T13:13:09","guid":{"rendered":"https:\/\/face.unt.edu.ar\/web\/ieconomia\/?p=959"},"modified":"2022-07-05T13:36:08","modified_gmt":"2022-07-05T13:36:08","slug":"contribucion-de-la-ley-de-alquileres-a-la-problematica-de-la-vivienda-en-tucuman-y-argentina","status":"publish","type":"post","link":"https:\/\/face.unt.edu.ar\/web\/ieconomia\/contribucion-de-la-ley-de-alquileres-a-la-problematica-de-la-vivienda-en-tucuman-y-argentina\/","title":{"rendered":"Contribuci\u00f3n de la ley de alquileres a la problem\u00e1tica de la vivienda en Tucum\u00e1n y Argentina"},"content":{"rendered":"<p>La ley 27.551, denominada Ley de Alquileres, se aprob\u00f3 en junio de 2020 con la<br \/>\nfinalidad de facilitar a un mayor n\u00famero de personas el acceso a una vivienda digna,<br \/>\nderecho consagrado en la Constituci\u00f3n Nacional argentina. Mediante un previo<br \/>\nan\u00e1lisis de la situaci\u00f3n habitacional del pa\u00eds y en particular, del mercado de alquiler<br \/>\nde vivienda, se analizar\u00e1n los principales cambios que la normativa plantea y los<br \/>\nprimeros efectos observados luego de dos a\u00f1os de su aprobaci\u00f3n, para poder as\u00ed<br \/>\ndeterminar si se alcanzaron o no, los resultados esperados.<\/p>\n<p>Palabras Claves: Ley de Alquileres, Hogar, Vivienda.<\/p>\n<p>Autores: Mat\u00edas Jos\u00e9 P\u00e9rez Montini y Maximiliano Apud<br \/>\nDirectoras: Emilia Mill\u00f3n y Mar\u00eda Jos\u00e9 Leguizam\u00f3n<\/p>\n<p><a href=\"https:\/\/drive.google.com\/file\/d\/146TrBxRl2ixBRnEjlKpzoLTJeUm-g2ci\/view?usp=sharing\" target=\"_blank\" rel=\"noopener\">Lee la tesis completa haciendo click aqu\u00ed<\/a><\/p>\n","protected":false},"excerpt":{"rendered":"<p>La ley 27.551, denominada Ley de Alquileres, se aprob\u00f3 en junio de 2020 con la finalidad de facilitar a un mayor n\u00famero de personas el acceso a una vivienda digna, derecho consagrado en la Constituci\u00f3n Nacional argentina. Mediante un previo an\u00e1lisis de la situaci\u00f3n habitacional del pa\u00eds y en particular, del mercado de alquiler de [&hellip;]<\/p>\n","protected":false},"author":123458,"featured_media":960,"comment_status":"open","ping_status":"open","sticky":false,"template":"","format":"standard","meta":{"footnotes":""},"categories":[1,8],"tags":[],"_links":{"self":[{"href":"https:\/\/face.unt.edu.ar\/web\/ieconomia\/wp-json\/wp\/v2\/posts\/959"}],"collection":[{"href":"https:\/\/face.unt.edu.ar\/web\/ieconomia\/wp-json\/wp\/v2\/posts"}],"about":[{"href":"https:\/\/face.unt.edu.ar\/web\/ieconomia\/wp-json\/wp\/v2\/types\/post"}],"author":[{"embeddable":true,"href":"https:\/\/face.unt.edu.ar\/web\/ieconomia\/wp-json\/wp\/v2\/users\/123458"}],"replies":[{"embeddable":true,"href":"https:\/\/face.unt.edu.ar\/web\/ieconomia\/wp-json\/wp\/v2\/comments?post=959"}],"version-history":[{"count":1,"href":"https:\/\/face.unt.edu.ar\/web\/ieconomia\/wp-json\/wp\/v2\/posts\/959\/revisions"}],"predecessor-version":[{"id":961,"href":"https:\/\/face.unt.edu.ar\/web\/ieconomia\/wp-json\/wp\/v2\/posts\/959\/revisions\/961"}],"wp:featuredmedia":[{"embeddable":true,"href":"https:\/\/face.unt.edu.ar\/web\/ieconomia\/wp-json\/wp\/v2\/media\/960"}],"wp:attachment":[{"href":"https:\/\/face.unt.edu.ar\/web\/ieconomia\/wp-json\/wp\/v2\/media?parent=959"}],"wp:term":[{"taxonomy":"category","embeddable":true,"href":"https:\/\/face.unt.edu.ar\/web\/ieconomia\/wp-json\/wp\/v2\/categories?post=959"},{"taxonomy":"post_tag","embeddable":true,"href":"https:\/\/face.unt.edu.ar\/web\/ieconomia\/wp-json\/wp\/v2\/tags?post=959"}],"curies":[{"name":"wp","href":"https:\/\/api.w.org\/{rel}","templated":true}]}}