{"id":1697,"date":"2022-10-13T00:10:27","date_gmt":"2022-10-13T00:10:27","guid":{"rendered":"https:\/\/face.unt.edu.ar\/web\/posgrados\/?p=1697"},"modified":"2022-10-13T14:39:01","modified_gmt":"2022-10-13T14:39:01","slug":"conferencia-analisis-fundamental-valuacion-de-empresas-y-aspectos-practicos","status":"publish","type":"post","link":"https:\/\/face.unt.edu.ar\/web\/posgrados\/conferencia-analisis-fundamental-valuacion-de-empresas-y-aspectos-practicos\/","title":{"rendered":"Conferencia &#8211; An\u00e1lisis Fundamental: Valuaci\u00f3n de empresas y aspectos pr\u00e1cticos"},"content":{"rendered":"<div class=\"xdj266r x11i5rnm xat24cr x1mh8g0r x1vvkbs x126k92a\">\n<div dir=\"auto\">&#8211; BALANZ UNIVERSITY- Conferencia: \u00abAn\u00e1lisis Fundamental: Valuaci\u00f3n de empresas y aspectos pr\u00e1cticos\u00bb<\/div>\n<\/div>\n<div class=\"x11i5rnm xat24cr x1mh8g0r x1vvkbs xtlvy1s x126k92a\">\n<div dir=\"auto\"><span class=\"x3nfvp2 x1j61x8r x1fcty0u xdj266r xhhsvwb xat24cr xgzva0m xxymvpz xlup9mm x1kky2od\"><img decoding=\"async\" loading=\"lazy\" class=\"alignleft\" src=\"https:\/\/static.xx.fbcdn.net\/images\/emoji.php\/v9\/t33\/1\/16\/2705.png\" alt=\"\u2705\" width=\"16\" height=\"16\" \/><\/span>A cargo del Lic. Nicol\u00e1s Carreras y Lic. Guido Nigra.<\/div>\n<div dir=\"auto\"><\/div>\n<\/div>\n<div class=\"x11i5rnm xat24cr x1mh8g0r x1vvkbs xtlvy1s x126k92a\">\n<div dir=\"auto\"><span class=\"x3nfvp2 x1j61x8r x1fcty0u xdj266r xhhsvwb xat24cr xgzva0m xxymvpz xlup9mm x1kky2od\"><img decoding=\"async\" loading=\"lazy\" class=\"alignleft\" src=\"https:\/\/static.xx.fbcdn.net\/images\/emoji.php\/v9\/t33\/1\/16\/2705.png\" alt=\"\u2705\" width=\"16\" height=\"16\" \/><\/span>Destinado a alumnos y graduados de posgrado de las distintas carreras: Especializaci\u00f3n en\u00a0Finanzas, Maestr\u00eda en Administraci\u00f3n (MBA), Maestr\u00eda en Econom\u00eda.<\/div>\n<\/div>\n<div class=\"x11i5rnm xat24cr x1mh8g0r x1vvkbs xtlvy1s x126k92a\">\n<div dir=\"auto\"><span class=\"x3nfvp2 x1j61x8r x1fcty0u xdj266r xhhsvwb xat24cr xgzva0m xxymvpz xlup9mm x1kky2od\"><img decoding=\"async\" loading=\"lazy\" class=\"alignleft\" src=\"https:\/\/static.xx.fbcdn.net\/images\/emoji.php\/v9\/t8b\/1\/16\/1f465.png\" alt=\"\ud83d\udc65\" width=\"16\" height=\"16\" \/><\/span>Modalidad H\u00edbrida<\/div>\n<div dir=\"auto\"><\/div>\n<div dir=\"auto\"><span class=\"x3nfvp2 x1j61x8r x1fcty0u xdj266r xhhsvwb xat24cr xgzva0m xxymvpz xlup9mm x1kky2od\"><img decoding=\"async\" loading=\"lazy\" class=\"alignleft\" src=\"https:\/\/static.xx.fbcdn.net\/images\/emoji.php\/v9\/t7e\/1\/16\/1f4c5.png\" alt=\"\ud83d\udcc5\" width=\"16\" height=\"16\" \/><\/span>Viernes 14 de Octubre a las 18:00 hrs.<\/div>\n<div dir=\"auto\"><\/div>\n<\/div>\n<div class=\"x11i5rnm xat24cr x1mh8g0r x1vvkbs xtlvy1s x126k92a\">\n<div dir=\"auto\"><span class=\"x3nfvp2 x1j61x8r x1fcty0u xdj266r xhhsvwb xat24cr xgzva0m xxymvpz xlup9mm x1kky2od\"><img decoding=\"async\" loading=\"lazy\" class=\"alignleft\" src=\"https:\/\/static.xx.fbcdn.net\/images\/emoji.php\/v9\/taa\/1\/16\/1f310.png\" alt=\"\ud83c\udf10\" width=\"16\" height=\"16\" \/><\/span>Link de Acceso:<a href=\"https:\/\/teams.microsoft.com\/l\/meetup-join\/19%3ameeting_MTBhMTkwZDgtM2FkOS00ZjExLWFjZTQtYzA4ZjM2OTEyZWY0%40thread.v2\/0?context=%7b%22Tid%22%3a%221123ebae-a006-42c7-9ea3-c84a2feb0e65%22%2c%22Oid%22%3a%22bdcc7d5f-9b33-4190-a9e7-cff08ead37aa%22%7d\"> https:\/\/teams.microsoft.com\/l\/meetup-join\/19%3ameeting_MTBhMTkwZDgtM2FkOS00ZjExLWFjZTQtYzA4ZjM2OTEyZWY0%40thread.v2\/0?context=%7b%22Tid%22%3a%221123ebae-a006-42c7-9ea3-c84a2feb0e65%22%2c%22Oid%22%3a%22bdcc7d5f-9b33-4190-a9e7-cff08ead37aa%22%7d <\/a><\/div>\n<div dir=\"auto\"><\/div>\n<\/div>\n<p><strong>EXPOSITORES<\/strong><\/p>\n<p>Nicol\u00e1s Carreras es administrador graduado de la Facultad de Ciencias Econ\u00f3micas de la UBA. Actualmente, se desempe\u00f1a en Balanz Capital como asesor financiero en el sector de Individuos. Sus tareas principales consisten en dise\u00f1ar y armar carteras de inversi\u00f3n para sus clientes, donde luego mediante la gesti\u00f3n activa y en base a la necesidad de sus clientes, modifica y opera productos financieros tanto en el mercado local como internacional.<\/p>\n<p><a href=\"https:\/\/face.unt.edu.ar\/web\/posgrados\/wp-content\/uploads\/sites\/3\/2022\/10\/Nicolas-Carreras.png\"><img decoding=\"async\" loading=\"lazy\" class=\"aligncenter size-full wp-image-1709\" src=\"https:\/\/face.unt.edu.ar\/web\/posgrados\/wp-content\/uploads\/sites\/3\/2022\/10\/Nicolas-Carreras.png\" alt=\"\" width=\"240\" height=\"240\" srcset=\"https:\/\/face.unt.edu.ar\/web\/posgrados\/wp-content\/uploads\/sites\/3\/2022\/10\/Nicolas-Carreras.png 240w, https:\/\/face.unt.edu.ar\/web\/posgrados\/wp-content\/uploads\/sites\/3\/2022\/10\/Nicolas-Carreras-150x150.png 150w\" sizes=\"(max-width: 240px) 100vw, 240px\" \/><\/a><\/p>\n<p>Guido Nigra es Licenciado en Econom\u00eda por la Facultad de Ciencias Econ\u00f3micas de la Universidad de Buenos Aires. Es id\u00f3neo en mercado de capitales, \u00e1mbito en el que se desarrolla profesionalmente desde 2017. Actualmente, se desarrolla como Financial Advisor en Balanz Capital, donde se dedica principalmente al dise\u00f1o de carteras de inversi\u00f3n.<\/p>\n<p><a href=\"https:\/\/face.unt.edu.ar\/web\/posgrados\/wp-content\/uploads\/sites\/3\/2022\/10\/Guido-Nigra.png\"><img decoding=\"async\" loading=\"lazy\" class=\"aligncenter size-full wp-image-1710\" src=\"https:\/\/face.unt.edu.ar\/web\/posgrados\/wp-content\/uploads\/sites\/3\/2022\/10\/Guido-Nigra.png\" alt=\"\" width=\"194\" height=\"194\" srcset=\"https:\/\/face.unt.edu.ar\/web\/posgrados\/wp-content\/uploads\/sites\/3\/2022\/10\/Guido-Nigra.png 194w, https:\/\/face.unt.edu.ar\/web\/posgrados\/wp-content\/uploads\/sites\/3\/2022\/10\/Guido-Nigra-150x150.png 150w\" sizes=\"(max-width: 194px) 100vw, 194px\" \/><\/a><\/p>\n<p>&nbsp;<\/p>\n","protected":false},"excerpt":{"rendered":"<p>&#8211; BALANZ UNIVERSITY- Conferencia: \u00abAn\u00e1lisis Fundamental: Valuaci\u00f3n de empresas y aspectos pr\u00e1cticos\u00bb A cargo del Lic. Nicol\u00e1s Carreras y Lic. Guido Nigra. Destinado a alumnos y graduados de posgrado de las distintas carreras: Especializaci\u00f3n en\u00a0Finanzas, Maestr\u00eda en Administraci\u00f3n (MBA), Maestr\u00eda en Econom\u00eda. Modalidad H\u00edbrida Viernes 14 de Octubre a las 18:00 hrs. Link de Acceso: [&hellip;]<\/p>\n","protected":false},"author":9,"featured_media":1700,"comment_status":"open","ping_status":"open","sticky":false,"template":"","format":"standard","meta":{"footnotes":""},"categories":[1],"tags":[],"_links":{"self":[{"href":"https:\/\/face.unt.edu.ar\/web\/posgrados\/wp-json\/wp\/v2\/posts\/1697"}],"collection":[{"href":"https:\/\/face.unt.edu.ar\/web\/posgrados\/wp-json\/wp\/v2\/posts"}],"about":[{"href":"https:\/\/face.unt.edu.ar\/web\/posgrados\/wp-json\/wp\/v2\/types\/post"}],"author":[{"embeddable":true,"href":"https:\/\/face.unt.edu.ar\/web\/posgrados\/wp-json\/wp\/v2\/users\/9"}],"replies":[{"embeddable":true,"href":"https:\/\/face.unt.edu.ar\/web\/posgrados\/wp-json\/wp\/v2\/comments?post=1697"}],"version-history":[{"count":6,"href":"https:\/\/face.unt.edu.ar\/web\/posgrados\/wp-json\/wp\/v2\/posts\/1697\/revisions"}],"predecessor-version":[{"id":1711,"href":"https:\/\/face.unt.edu.ar\/web\/posgrados\/wp-json\/wp\/v2\/posts\/1697\/revisions\/1711"}],"wp:featuredmedia":[{"embeddable":true,"href":"https:\/\/face.unt.edu.ar\/web\/posgrados\/wp-json\/wp\/v2\/media\/1700"}],"wp:attachment":[{"href":"https:\/\/face.unt.edu.ar\/web\/posgrados\/wp-json\/wp\/v2\/media?parent=1697"}],"wp:term":[{"taxonomy":"category","embeddable":true,"href":"https:\/\/face.unt.edu.ar\/web\/posgrados\/wp-json\/wp\/v2\/categories?post=1697"},{"taxonomy":"post_tag","embeddable":true,"href":"https:\/\/face.unt.edu.ar\/web\/posgrados\/wp-json\/wp\/v2\/tags?post=1697"}],"curies":[{"name":"wp","href":"https:\/\/api.w.org\/{rel}","templated":true}]}}