{"id":1949,"date":"2023-02-13T12:50:38","date_gmt":"2023-02-13T12:50:38","guid":{"rendered":"https:\/\/face.unt.edu.ar\/web\/posgrados\/?p=1949"},"modified":"2023-02-13T12:58:28","modified_gmt":"2023-02-13T12:58:28","slug":"curso-calculo-con-aplicaciones-en-estadistica-con-creditos-para-posgrado","status":"publish","type":"post","link":"https:\/\/face.unt.edu.ar\/web\/posgrados\/curso-calculo-con-aplicaciones-en-estadistica-con-creditos-para-posgrado\/","title":{"rendered":"Curso C\u00e1lculo con Aplicaciones en Estad\u00edstica &#8211; Con cr\u00e9ditos para posgrado"},"content":{"rendered":"<div class=\"x11i5rnm xat24cr x1mh8g0r x1vvkbs xdj266r x126k92a\">\n<div dir=\"auto\">En el marco de la carrera de posgrado Maestr\u00eda en Estad\u00edstica Aplicada (MEA) de la FACE UNT se dictar\u00e1 el curso \u201cC\u00e1lculo con Aplicaciones en Estad\u00edstica\u00bb, con cr\u00e9ditos para posgrado, a cargo de la Profesora Mg. Mar\u00eda Ang\u00e9lica P\u00e9rez de Del Negro<\/div>\n<div dir=\"auto\">\n<div>\n<p>La Profesora Mar\u00eda Ang\u00e9lica P\u00e9rez de Del Negro, es Magister en Estad\u00edstica Aplicada de la Universidad Nacional de Tucum\u00e1n. Ex Profesora Titular de la Disciplina Matem\u00e1tica de la Facultad de Ciencias Econ\u00f3micas de la Universidad Nacional de Tucum\u00e1n.<\/p>\n<\/div>\n<div><\/div>\n<div>\n<p><b>Para m\u00e1s informaci\u00f3n<\/b>, dirigirse al Instituto de Investigaciones (INIE), oficina 52 (primer piso), Facultad de Ciencias Econ\u00f3micas, por mail:\u00a0<a href=\"mailto:inie@herrera.unt.edu.ar\" target=\"_blank\" rel=\"noopener\">inie@herrera.unt.edu.ar<\/a>, o al correo de la Profesora del curso, Mg. Mar\u00eda A. P\u00e9rez:\u00a0<a href=\"mailto:mperez@face.unt.edu.ar\" target=\"_blank\" rel=\"noopener\">mperez@face.unt.edu.ar<\/a>.<\/p>\n<\/div>\n<div><\/div>\n<\/div>\n<\/div>\n<div class=\"x11i5rnm xat24cr x1mh8g0r x1vvkbs xtlvy1s x126k92a\">\n<div dir=\"auto\"><span class=\"x3nfvp2 x1j61x8r x1fcty0u xdj266r xhhsvwb xat24cr xgzva0m xxymvpz xlup9mm x1kky2od\"><img decoding=\"async\" loading=\"lazy\" class=\"alignleft\" src=\"https:\/\/static.xx.fbcdn.net\/images\/emoji.php\/v9\/t34\/1\/16\/23f0.png\" alt=\"\u23f0\" width=\"16\" height=\"16\" \/>Martes y Jueves de 18:00 a 20:30 hs , del 14 de febrero al 16 de marzo del presente a\u00f1o<\/span><\/div>\n<div dir=\"auto\">\n<p><span class=\"x3nfvp2 x1j61x8r x1fcty0u xdj266r xhhsvwb xat24cr xgzva0m xxymvpz xlup9mm x1kky2od\"><img decoding=\"async\" loading=\"lazy\" class=\"alignleft\" src=\"https:\/\/static.xx.fbcdn.net\/images\/emoji.php\/v9\/t33\/1\/16\/2705.png\" alt=\"\u2705\" width=\"16\" height=\"16\" \/><\/span>Cupo Limitado: 30 participantes.<\/p>\n<p><img decoding=\"async\" loading=\"lazy\" class=\"alignleft\" src=\"https:\/\/static.xx.fbcdn.net\/images\/emoji.php\/v9\/t33\/1\/16\/2705.png\" alt=\"\u2705\" width=\"16\" height=\"16\" \/><\/p>\n<\/div>\n<div dir=\"auto\">\n<p><span class=\"x3nfvp2 x1j61x8r x1fcty0u xdj266r xhhsvwb xat24cr xgzva0m xxymvpz xlup9mm x1kky2od\">Modalidad: H\u00edbrida. Aula Facultad de Ciencias Econ\u00f3micas UNT.<\/span><\/p>\n<p><a href=\"https:\/\/face.unt.edu.ar\/web\/posgrados\/wp-content\/uploads\/sites\/3\/2023\/02\/Divulgacion-curso-de-nivelacion-en-Calculo-con-Ap.-en-Estad.-2023.pdf\">Resumen<\/a><\/p>\n<\/div>\n<\/div>\n<div class=\"x11i5rnm xat24cr x1mh8g0r x1vvkbs xtlvy1s x126k92a\">\n<div dir=\"auto\"><\/div>\n<\/div>\n","protected":false},"excerpt":{"rendered":"<p>En el marco de la carrera de posgrado Maestr\u00eda en Estad\u00edstica Aplicada (MEA) de la FACE UNT se dictar\u00e1 el curso \u201cC\u00e1lculo con Aplicaciones en Estad\u00edstica\u00bb, con cr\u00e9ditos para posgrado, a cargo de la Profesora Mg. Mar\u00eda Ang\u00e9lica P\u00e9rez de Del Negro La Profesora Mar\u00eda Ang\u00e9lica P\u00e9rez de Del Negro, es Magister en Estad\u00edstica Aplicada [&hellip;]<\/p>\n","protected":false},"author":9,"featured_media":1646,"comment_status":"open","ping_status":"open","sticky":false,"template":"","format":"standard","meta":{"footnotes":""},"categories":[1],"tags":[],"_links":{"self":[{"href":"https:\/\/face.unt.edu.ar\/web\/posgrados\/wp-json\/wp\/v2\/posts\/1949"}],"collection":[{"href":"https:\/\/face.unt.edu.ar\/web\/posgrados\/wp-json\/wp\/v2\/posts"}],"about":[{"href":"https:\/\/face.unt.edu.ar\/web\/posgrados\/wp-json\/wp\/v2\/types\/post"}],"author":[{"embeddable":true,"href":"https:\/\/face.unt.edu.ar\/web\/posgrados\/wp-json\/wp\/v2\/users\/9"}],"replies":[{"embeddable":true,"href":"https:\/\/face.unt.edu.ar\/web\/posgrados\/wp-json\/wp\/v2\/comments?post=1949"}],"version-history":[{"count":9,"href":"https:\/\/face.unt.edu.ar\/web\/posgrados\/wp-json\/wp\/v2\/posts\/1949\/revisions"}],"predecessor-version":[{"id":1959,"href":"https:\/\/face.unt.edu.ar\/web\/posgrados\/wp-json\/wp\/v2\/posts\/1949\/revisions\/1959"}],"wp:featuredmedia":[{"embeddable":true,"href":"https:\/\/face.unt.edu.ar\/web\/posgrados\/wp-json\/wp\/v2\/media\/1646"}],"wp:attachment":[{"href":"https:\/\/face.unt.edu.ar\/web\/posgrados\/wp-json\/wp\/v2\/media?parent=1949"}],"wp:term":[{"taxonomy":"category","embeddable":true,"href":"https:\/\/face.unt.edu.ar\/web\/posgrados\/wp-json\/wp\/v2\/categories?post=1949"},{"taxonomy":"post_tag","embeddable":true,"href":"https:\/\/face.unt.edu.ar\/web\/posgrados\/wp-json\/wp\/v2\/tags?post=1949"}],"curies":[{"name":"wp","href":"https:\/\/api.w.org\/{rel}","templated":true}]}}