{"id":2698,"date":"2024-05-28T16:33:21","date_gmt":"2024-05-28T16:33:21","guid":{"rendered":"https:\/\/face.unt.edu.ar\/web\/posgrados\/?p=2698"},"modified":"2024-06-04T16:22:50","modified_gmt":"2024-06-04T16:22:50","slug":"divulgacion-cientifica-de-los-pice-2023-en-el-1-congreso-regional-de-administracion-de-la-redface","status":"publish","type":"post","link":"https:\/\/face.unt.edu.ar\/web\/posgrados\/divulgacion-cientifica-de-los-pice-2023-en-el-1-congreso-regional-de-administracion-de-la-redface\/","title":{"rendered":"Divulgaci\u00f3n Cient\u00edfica de los PICE 2023 en el 1\u00b0 Congreso Regional de Administraci\u00f3n de la REDFACE"},"content":{"rendered":"<p>Los <strong>Proyectos de Investigaci\u00f3n en Ciencias Econ\u00f3micas (PICE) 2023<\/strong> encontraron en el primer <strong>Congreso Regional en Administraci\u00f3n \u201cDesaf\u00edo en la Administraci\u00f3n del Futuro\u201d,<\/strong> un valioso espacio para la divulgaci\u00f3n cient\u00edfica. En este marco, docentes investigadores de nuestra <strong>Facultad de Ciencias Econ\u00f3micas de la Universidad Nacional de Tucum\u00e1n<\/strong> (UNT) presentaron sus trabajos en el \u00e1rea de la administraci\u00f3n.<\/p>\n<p>El Congreso estuvo organizado por la<strong> Red de Facultades de Ciencias Econ\u00f3micas del Norte Argentino (REDFACE)<\/strong>, tuvo lugar los d\u00edas <strong>23 y 24 de mayo<\/strong>, con sede en la <strong>Facultad de Ciencias Econ\u00f3micas y de Administraci\u00f3n de la Universidad Nacional de Catamarca<\/strong>. Este evento reuni\u00f3 a investigadores de las provincias de Catamarca, Jujuy, Salta, Santiago del Estero, La Rioja y Tucum\u00e1n.<\/p>\n<p>Nuestra Facultad particip\u00f3 con la <strong>exposici\u00f3n de 11 trabajos<\/strong>, algunos presentados de manera presencial y otros en modalidad virtual. Los ejes tem\u00e1ticos abordados en el congreso fueron:<\/p>\n<p>1. Innovaci\u00f3n organizacional y gesti\u00f3n del cambio<br \/>\n2. Transformaci\u00f3n Digital y Negocios 4.0<br \/>\n3. Sostenibilidad y Responsabilidad Corporativa<br \/>\n4. Pr\u00e1cticas Innovadoras en la Ense\u00f1anza de Administraci\u00f3n<\/p>\n<p>Cabe destacar que, entre los diversos ejes del congreso, el de mayor relevancia fue la implementaci\u00f3n de herramientas pedag\u00f3gicas innovadoras utilizadas por los docentes para la ense\u00f1anza de administraci\u00f3n.<\/p>\n<p>En referencia a la participaci\u00f3n de nuestra Facultad en este congreso regional, la secretaria de Ciencia, T\u00e9cnica y Posgrado, <strong>Esp. Gabriela S\u00e1nchez,<\/strong> destac\u00f3 que: \u201cPara nosotros, participar en este evento fue algo muy positivo y un desaf\u00edo enriquecedor. Si bien las tem\u00e1ticas abordadas por nuestros investigadores fueron similares a las de otras provincias, notamos que nuestra Facultad est\u00e1 m\u00e1s avanzada en ciertas pr\u00e1cticas que pudimos compartir con la regi\u00f3n. Algunos ejemplos que se expusieron fueron: el uso de herramientas como Genially para crear contenidos interactivos y los m\u00e9todos de evaluaci\u00f3n virtual que ya hemos incorporado a trav\u00e9s de nuestras aulas virtuales. Tambi\u00e9n destacamos el cambio de roles y el uso de escenarios externos como visitas a organismos p\u00fablicos y viajes de estudio que enriquecen la experiencia educativa m\u00e1s all\u00e1 del aula tradicional. Esto crea un espacio com\u00fan de discusi\u00f3n y debate, y pone en agenda temas centrales como los nuevos desaf\u00edos en la ense\u00f1anza donde tenemos que reinventarnos como docentes, ese es el desaf\u00edo\u00bb.<\/p>\n<p>Es importante resaltar que la participaci\u00f3n de nuestra Facultad a trav\u00e9s de los PICE 2023, en este 1\u00b0Congreso Regional de Administraci\u00f3n de la REDFACE, representa un paso significativo en la consolidaci\u00f3n de la investigaci\u00f3n de la regi\u00f3n y en el fortalecimiento de la comunidad cient\u00edfica de nuestra Facultad.<\/p>\n<p>&nbsp;<\/p>\n<p>A continuaci\u00f3n, presentamos la lista de los trabajos expuestos con sus respectivos autores:<\/p>\n<p><strong>Eje 1: Innovaci\u00f3n organizacional y gesti\u00f3n del cambio.<\/strong><\/p>\n<ul>\n<li>Atracci\u00f3n y retenci\u00f3n de talento humano en empresas de Tucum\u00e1n: factores claves para el trabajo remoto. Docente: Garc\u00eda Marcelo Adri\u00e1n<\/li>\n<li>Propuesta de plan de negocios para Productora integral de cantantes. Docentes: Medina Galv\u00e1n Marcelo Enrique &#8211; Barros Lucas Bernardo<\/li>\n<li>Modelos de gesti\u00f3n innovadora en el sector p\u00fablico. Docentes: Rodr\u00edguez Garay Jonathan Javier &#8211; Soto Lucas Maximiliano &#8211; Velasco Juan Horacio.<\/li>\n<li>La formaci\u00f3n profesional para el nuevo mercado laboral. Docentes: Ferreyra Teresa Carolina &#8211; Pulido M\u00f3nica del Valle.<\/li>\n<\/ul>\n<p><strong>Eje 2: Transformaci\u00f3n Digital y Negocios 4.1<\/strong><\/p>\n<ul>\n<li>Hacia un sistema de gesti\u00f3n de seguridad de la informaci\u00f3n en un grupo exportador de la provincia de Tucum\u00e1n: GAP ANALYSIS ISO 27001. Docentes: Garc\u00eda Marcelo Adri\u00e1n &#8211; Ace\u00f1olaza Chamorro In\u00e9s.<\/li>\n<\/ul>\n<p><strong>Eje 3: Sostenibilidad y Responsabilidad Corporativa<\/strong>.<\/p>\n<ul>\n<li>Planificaci\u00f3n, crecimiento y control en PYMES tucumanas: enfoque en sostenibilidad ambiental. Docentes: Rocha Cristian Emanuel &#8211; Ju\u00e1rez Federico Juli\u00e1n.<\/li>\n<\/ul>\n<p><strong>Eje 4: Pr\u00e1cticas Innovadoras en la Ense\u00f1anza de Administraci\u00f3n<\/strong>.<\/p>\n<ul>\n<li>Propuesta metodol\u00f3gica para el an\u00e1lisis de pr\u00e1cticas de evaluaci\u00f3n en el marco de la nueva ecolog\u00eda del aprendizaje. Docente: Rodr\u00edguez Mar\u00eda Fernanda.<\/li>\n<li>El uso de la inteligencia artificial como facilitadora del proceso de aprendizaje en el espacio curricular Administraci\u00f3n de Operaciones II. Docente: Martos Mar\u00eda Enriqueta.<\/li>\n<li>El Licenciado en Administraci\u00f3n de la FACE &#8211; UNT en el sector p\u00fablico, ambiente real. Docentes: S\u00e1nchez Gabriela Alejandra &#8211; Rabini Nora Liz &#8211; Isa Marcelo Leonardo &#8211; M\u00e9ndez Sergio Manuel.<\/li>\n<li>El aprendizaje basado en problemas para la ense\u00f1anza de costos y toma de decisiones. Intercambio docente REDFACE UNCA-UNT. Docentes: Medina Galv\u00e1n Marcelo Enrique &#8211; De Marcos Mariana Elizabeth &#8211; Lascano Braian Mart\u00edn.<\/li>\n<li>Ense\u00f1anza y evaluaci\u00f3n virtual y remota en Administraci\u00f3n y Contabilidad P\u00fablica. Docentes: S\u00e1nchez Gabriela Alejandra &#8211; Rabini Nora Liz &#8211; Isa Marcelo Leonardo &#8211; M\u00e9ndez Sergio Manuel.<\/li>\n<\/ul>\n","protected":false},"excerpt":{"rendered":"<p>Los Proyectos de Investigaci\u00f3n en Ciencias Econ\u00f3micas (PICE) 2023 encontraron en el primer Congreso Regional en Administraci\u00f3n \u201cDesaf\u00edo en la Administraci\u00f3n del Futuro\u201d, un valioso espacio para la divulgaci\u00f3n cient\u00edfica. En este marco, docentes investigadores de nuestra Facultad de Ciencias Econ\u00f3micas de la Universidad Nacional de Tucum\u00e1n (UNT) presentaron sus trabajos en el \u00e1rea de [&hellip;]<\/p>\n","protected":false},"author":123457,"featured_media":2727,"comment_status":"open","ping_status":"open","sticky":false,"template":"","format":"standard","meta":{"footnotes":""},"categories":[1],"tags":[],"_links":{"self":[{"href":"https:\/\/face.unt.edu.ar\/web\/posgrados\/wp-json\/wp\/v2\/posts\/2698"}],"collection":[{"href":"https:\/\/face.unt.edu.ar\/web\/posgrados\/wp-json\/wp\/v2\/posts"}],"about":[{"href":"https:\/\/face.unt.edu.ar\/web\/posgrados\/wp-json\/wp\/v2\/types\/post"}],"author":[{"embeddable":true,"href":"https:\/\/face.unt.edu.ar\/web\/posgrados\/wp-json\/wp\/v2\/users\/123457"}],"replies":[{"embeddable":true,"href":"https:\/\/face.unt.edu.ar\/web\/posgrados\/wp-json\/wp\/v2\/comments?post=2698"}],"version-history":[{"count":1,"href":"https:\/\/face.unt.edu.ar\/web\/posgrados\/wp-json\/wp\/v2\/posts\/2698\/revisions"}],"predecessor-version":[{"id":2700,"href":"https:\/\/face.unt.edu.ar\/web\/posgrados\/wp-json\/wp\/v2\/posts\/2698\/revisions\/2700"}],"wp:featuredmedia":[{"embeddable":true,"href":"https:\/\/face.unt.edu.ar\/web\/posgrados\/wp-json\/wp\/v2\/media\/2727"}],"wp:attachment":[{"href":"https:\/\/face.unt.edu.ar\/web\/posgrados\/wp-json\/wp\/v2\/media?parent=2698"}],"wp:term":[{"taxonomy":"category","embeddable":true,"href":"https:\/\/face.unt.edu.ar\/web\/posgrados\/wp-json\/wp\/v2\/categories?post=2698"},{"taxonomy":"post_tag","embeddable":true,"href":"https:\/\/face.unt.edu.ar\/web\/posgrados\/wp-json\/wp\/v2\/tags?post=2698"}],"curies":[{"name":"wp","href":"https:\/\/api.w.org\/{rel}","templated":true}]}}