{"id":2826,"date":"2024-07-23T16:38:48","date_gmt":"2024-07-23T16:38:48","guid":{"rendered":"https:\/\/face.unt.edu.ar\/web\/posgrados\/?p=2826"},"modified":"2024-07-24T12:18:22","modified_gmt":"2024-07-24T12:18:22","slug":"taller-de-elaboracion-de-plan-de-trabajo-de-un-proyecto-de-investigacion-en-el-area-de-ciencias-economicas","status":"publish","type":"post","link":"https:\/\/face.unt.edu.ar\/web\/posgrados\/taller-de-elaboracion-de-plan-de-trabajo-de-un-proyecto-de-investigacion-en-el-area-de-ciencias-economicas\/","title":{"rendered":"Taller de elaboraci\u00f3n de plan de trabajo de un proyecto de investigaci\u00f3n en el \u00e1rea de ciencias econ\u00f3micas"},"content":{"rendered":"<p>Los d\u00edas 01 y 08 de agosto se brindar\u00e1 el<strong> \u201cTaller de elaboraci\u00f3n de plan de trabajo de un proyecto de investigaci\u00f3n en el \u00e1rea de ciencias econ\u00f3micas\u201d,<\/strong> a cargo de la <strong>Dra. Myriam De Marco<\/strong> y el <strong>Mg. Orlando Medina, <\/strong>docentes de nuestra <strong>Facultad de Ciencias Econ\u00f3micas de la UNT.<\/strong><\/p>\n<p>Se dictar\u00e1 con <strong>modalidad h\u00edbrida<\/strong>, en el horario de <strong>18:00 a 21:00 horas<\/strong>. Siendo <strong>gratuito<\/strong> para todos aquellos que est\u00e9n participando de los <strong>Proyectos PICE<\/strong><\/p>\n<p>El objetivo de esta actividad es acompa\u00f1ar a los investigadores en el trabajo que tienen que realizar para llevar adelante sus proyectos, y brindar un espacio para revisar y autoevaluar lo que oportunamente presentaron. La tem\u00e1tica a desarrollar estar\u00e1 \u00edntimamente relacionada con los mencionados proyectos, ya que se abordar\u00e1n, uno a uno, los distintos requerimientos solicitados en el formulario que completaron, al presentarlos.<\/p>\n<p><strong>La inscripci\u00f3n estar\u00e1 abierta hasta el 29 de julio inclusive.<\/strong><\/p>\n<p>Los interesados pueden inscribirse en el siguiente link\u00a0<strong><a href=\"https:\/\/forms.gle\/J9egjfchWKddHA1E8\" target=\"_blank\" rel=\"noopener\">https:\/\/forms.gle\/J9egjfchWKddHA1E8<\/a><\/strong><\/p>\n<p>Actividad organizada por la <strong>Secretar\u00eda de Ciencia, T\u00e9cnica y Posgrado<\/strong> de la <strong>Facultad de Ciencias Econ\u00f3micas UNT.\u00a0<\/strong><\/p>\n","protected":false},"excerpt":{"rendered":"<p>Los d\u00edas 01 y 08 de agosto se brindar\u00e1 el \u201cTaller de elaboraci\u00f3n de plan de trabajo de un proyecto de investigaci\u00f3n en el \u00e1rea de ciencias econ\u00f3micas\u201d, a cargo de la Dra. Myriam De Marco y el Mg. Orlando Medina, docentes de nuestra Facultad de Ciencias Econ\u00f3micas de la UNT. Se dictar\u00e1 con modalidad [&hellip;]<\/p>\n","protected":false},"author":123457,"featured_media":2827,"comment_status":"open","ping_status":"open","sticky":false,"template":"","format":"standard","meta":{"footnotes":""},"categories":[1],"tags":[],"_links":{"self":[{"href":"https:\/\/face.unt.edu.ar\/web\/posgrados\/wp-json\/wp\/v2\/posts\/2826"}],"collection":[{"href":"https:\/\/face.unt.edu.ar\/web\/posgrados\/wp-json\/wp\/v2\/posts"}],"about":[{"href":"https:\/\/face.unt.edu.ar\/web\/posgrados\/wp-json\/wp\/v2\/types\/post"}],"author":[{"embeddable":true,"href":"https:\/\/face.unt.edu.ar\/web\/posgrados\/wp-json\/wp\/v2\/users\/123457"}],"replies":[{"embeddable":true,"href":"https:\/\/face.unt.edu.ar\/web\/posgrados\/wp-json\/wp\/v2\/comments?post=2826"}],"version-history":[{"count":4,"href":"https:\/\/face.unt.edu.ar\/web\/posgrados\/wp-json\/wp\/v2\/posts\/2826\/revisions"}],"predecessor-version":[{"id":2831,"href":"https:\/\/face.unt.edu.ar\/web\/posgrados\/wp-json\/wp\/v2\/posts\/2826\/revisions\/2831"}],"wp:featuredmedia":[{"embeddable":true,"href":"https:\/\/face.unt.edu.ar\/web\/posgrados\/wp-json\/wp\/v2\/media\/2827"}],"wp:attachment":[{"href":"https:\/\/face.unt.edu.ar\/web\/posgrados\/wp-json\/wp\/v2\/media?parent=2826"}],"wp:term":[{"taxonomy":"category","embeddable":true,"href":"https:\/\/face.unt.edu.ar\/web\/posgrados\/wp-json\/wp\/v2\/categories?post=2826"},{"taxonomy":"post_tag","embeddable":true,"href":"https:\/\/face.unt.edu.ar\/web\/posgrados\/wp-json\/wp\/v2\/tags?post=2826"}],"curies":[{"name":"wp","href":"https:\/\/api.w.org\/{rel}","templated":true}]}}