{"id":3218,"date":"2025-03-25T17:40:07","date_gmt":"2025-03-25T17:40:07","guid":{"rendered":"https:\/\/face.unt.edu.ar\/web\/posgrados\/?p=3218"},"modified":"2025-03-27T20:03:00","modified_gmt":"2025-03-27T20:03:00","slug":"taller-de-la-especializacion-en-comercio-internacional-aranceles-acuerdos-preferenciales-de-comercio-y-guerras-comerciales","status":"publish","type":"post","link":"https:\/\/face.unt.edu.ar\/web\/posgrados\/taller-de-la-especializacion-en-comercio-internacional-aranceles-acuerdos-preferenciales-de-comercio-y-guerras-comerciales\/","title":{"rendered":"Taller de la Especializaci\u00f3n en Comercio Internacional: \u201cAranceles, Acuerdos Preferenciales de Comercio y Guerras Comerciales\u201d"},"content":{"rendered":"<p>Los d\u00edas <strong>viernes 11<\/strong> y <strong>s\u00e1bado 12 de abril<\/strong> se llevar\u00e1 a cabo en nuestra<strong> Facultad de Ciencias Econ\u00f3micas de la UNT<\/strong>, el <strong>Taller de la Especializaci\u00f3n en Comercio Internacional<\/strong> <strong>\u201cAranceles, Acuerdos Preferenciales de Comercio y Guerras Comerciales\u201d<\/strong>, a cargo de la <strong>Dra. Mar\u00eda Jos\u00e9 Granado.<\/strong><\/p>\n<p>La actividad se realizar\u00e1 con <strong>modalidad h\u00edbrida<\/strong>, en el <strong>aula 17<\/strong> de nuestra Facultad, en los siguientes horarios:<\/p>\n<p>Viernes 11 de abril de 18:00 a 20:30 horas.<br \/>\nS\u00e1bado 12 de abril de 9:30 a 12:00 horas.<\/p>\n<p>Ambos encuentros tendr\u00e1n un <strong>espacio de coffee break.<\/strong><\/p>\n<p>Est\u00e1 destinado a estudiantes y graduados de la Especializaci\u00f3n en Comercio Internacional, profesionales y p\u00fablico en general interesados en la tem\u00e1tica.<\/p>\n<p>Se requiere <strong>inscripci\u00f3n en el siguiente formulario<\/strong>, indicando si asistir\u00e1 presencialmente o de manera virtual:<\/p>\n<p>Link de inscripci\u00f3n:<br \/>\n<strong><a href=\"https:\/\/docs.google.com\/forms\/d\/e\/1FAIpQLSdmdOtdMqLMIPXT8I3Iam4mxvmjR4_jk9uwpV2YnrmdRrVYdw\/viewform?usp=sharing\" target=\"_blank\" rel=\"noopener\">https:\/\/docs.google.com\/forms\/d\/e\/1FAIpQLSdmdOtdMqLMIPXT8I3Iam4mxvmjR4_jk9uwpV2YnrmdRrVYdw\/viewform?usp=sharing<\/a><\/strong><\/p>\n<p>Link de pago:<br \/>\n<strong><a href=\"https:\/\/asociacioncooperadoraface.mitiendanube.com\/productos\/aranceles-acuerdos-preferenciales-de-comercio-y-guerras-comerciales\/\" target=\"_blank\" rel=\"noopener\">https:\/\/asociacioncooperadoraface.mitiendanube.com\/productos\/aranceles-acuerdos-preferenciales-de-comercio-y-guerras-comerciales\/<\/a><\/strong><\/p>\n<p>La <strong>actividad es arancelada<\/strong>. Con la participaci\u00f3n en ambos encuentros <strong>se otorgar\u00e1n certificados<\/strong> de horas de posgrado aprobadas, avalados por la <strong>Secretar\u00eda de Ciencia, T\u00e9cnica y Posgrado<\/strong> de esta Casa de Estudios.<\/p>\n<p>&nbsp;<\/p>\n<p><strong>Contenido del Taller:<\/strong><\/p>\n<p><u>Viernes 11:<\/u><\/p>\n<p>Parte 1: Aranceles a las importaciones. Imposici\u00f3n por parte de un pa\u00eds peque\u00f1o vs. imposici\u00f3n por parte de un pa\u00eds grande. An\u00e1lisis para mercados particulares: Efectos en el bienestar y an\u00e1lisis de casos. Bases de Datos con aranceles y perfiles comerciales de los pa\u00edses.<\/p>\n<p>Parte 2: Principio de la Naci\u00f3n M\u00e1s Favorecida y excepciones. Acuerdos Preferenciales de Comercio. Sistema Generalizado de Preferencias. Acuerdos de Aranceles Rec\u00edprocos. Acuerdos bilaterales y multilaterales. Ejemplos.<\/p>\n<p><u>S\u00e1bado 12:<\/u><\/p>\n<p>Parte 3: Acuerdos de Libre Comercio y Uniones Aduaneras. Efectos en el bienestar para mercados particulares: Creaci\u00f3n y Desviaci\u00f3n de Comercio. An\u00e1lisis de casos. Situaci\u00f3n de Argentina con el MERCOSUR y Potencialidades con Estados Unidos.<\/p>\n<p>Parte 4: Guerras Comerciales. Concepto y antecedentes. Efectos en la econom\u00eda global. Perspectivas para Argentina.<\/p>\n<p>Sobre la disertante:<br \/>\nMar\u00eda Jos\u00e9 Granado es Doctora en Econom\u00eda (Universidad de San Andr\u00e9s), Mag\u00edster en<br \/>\nEconom\u00eda (UNT) y Licenciada en Econom\u00eda (UNT). Dirige actualmente la carrera de<br \/>\nposgrado Especializaci\u00f3n en Comercio Internacional de esta casa de estudios, donde<br \/>\ndicta la asignatura: Econom\u00eda Internacional: Comercio Internacional y Pol\u00edtica<br \/>\nComercial. Es Profesora Titular de Comercio Internacional en la Licenciatura en<br \/>\nEconom\u00eda (FACE-UNT), donde adem\u00e1s est\u00e1 a cargo de Econom\u00eda Aplicada y colabora<br \/>\ncon Econom\u00eda del Medio Ambiente. Sus principales \u00e1reas de investigaci\u00f3n son la<br \/>\npol\u00edtica fiscal, el comercio internacional y los ciclos econ\u00f3micos. Actualmente dirige el<br \/>\nProyecto PIUNT: Pol\u00edticas econ\u00f3micas \u00f3ptimas en el ciclo y en el desarrollo sustentable<br \/>\nde Am\u00e9rica Latina. Desde octubre de 2024 es integrante del Grupo de Econom\u00eda<br \/>\nInternacional y Desarrollo de Bah\u00eda Blanca (GEID).<\/p>\n","protected":false},"excerpt":{"rendered":"<p>Los d\u00edas viernes 11 y s\u00e1bado 12 de abril se llevar\u00e1 a cabo en nuestra Facultad de Ciencias Econ\u00f3micas de la UNT, el Taller de la Especializaci\u00f3n en Comercio Internacional \u201cAranceles, Acuerdos Preferenciales de Comercio y Guerras Comerciales\u201d, a cargo de la Dra. Mar\u00eda Jos\u00e9 Granado. La actividad se realizar\u00e1 con modalidad h\u00edbrida, en el [&hellip;]<\/p>\n","protected":false},"author":123457,"featured_media":3219,"comment_status":"open","ping_status":"open","sticky":false,"template":"","format":"standard","meta":{"footnotes":""},"categories":[1],"tags":[23,96,94,112,37,61],"_links":{"self":[{"href":"https:\/\/face.unt.edu.ar\/web\/posgrados\/wp-json\/wp\/v2\/posts\/3218"}],"collection":[{"href":"https:\/\/face.unt.edu.ar\/web\/posgrados\/wp-json\/wp\/v2\/posts"}],"about":[{"href":"https:\/\/face.unt.edu.ar\/web\/posgrados\/wp-json\/wp\/v2\/types\/post"}],"author":[{"embeddable":true,"href":"https:\/\/face.unt.edu.ar\/web\/posgrados\/wp-json\/wp\/v2\/users\/123457"}],"replies":[{"embeddable":true,"href":"https:\/\/face.unt.edu.ar\/web\/posgrados\/wp-json\/wp\/v2\/comments?post=3218"}],"version-history":[{"count":4,"href":"https:\/\/face.unt.edu.ar\/web\/posgrados\/wp-json\/wp\/v2\/posts\/3218\/revisions"}],"predecessor-version":[{"id":3223,"href":"https:\/\/face.unt.edu.ar\/web\/posgrados\/wp-json\/wp\/v2\/posts\/3218\/revisions\/3223"}],"wp:featuredmedia":[{"embeddable":true,"href":"https:\/\/face.unt.edu.ar\/web\/posgrados\/wp-json\/wp\/v2\/media\/3219"}],"wp:attachment":[{"href":"https:\/\/face.unt.edu.ar\/web\/posgrados\/wp-json\/wp\/v2\/media?parent=3218"}],"wp:term":[{"taxonomy":"category","embeddable":true,"href":"https:\/\/face.unt.edu.ar\/web\/posgrados\/wp-json\/wp\/v2\/categories?post=3218"},{"taxonomy":"post_tag","embeddable":true,"href":"https:\/\/face.unt.edu.ar\/web\/posgrados\/wp-json\/wp\/v2\/tags?post=3218"}],"curies":[{"name":"wp","href":"https:\/\/api.w.org\/{rel}","templated":true}]}}