{"id":3548,"date":"2025-09-05T13:20:32","date_gmt":"2025-09-05T13:20:32","guid":{"rendered":"https:\/\/face.unt.edu.ar\/web\/posgrados\/?p=3548"},"modified":"2025-09-05T13:20:32","modified_gmt":"2025-09-05T13:20:32","slug":"autoridades-de-nuestra-facultad-recibieron-al-consejo-de-investigacion-de-la-unt","status":"publish","type":"post","link":"https:\/\/face.unt.edu.ar\/web\/posgrados\/autoridades-de-nuestra-facultad-recibieron-al-consejo-de-investigacion-de-la-unt\/","title":{"rendered":"Autoridades de nuestra Facultad recibieron al Consejo de Investigaci\u00f3n de la UNT"},"content":{"rendered":"<p>Nuestra F<strong>acultad de Ciencias Econ\u00f3micas<\/strong> recibi\u00f3 a los integrantes del <strong>Consejo de Investigaciones de la Universidad Nacional de Tucum\u00e1n (CIUNT)<\/strong>, en el marco de su reuni\u00f3n mensual.Particip\u00f3 la secretaria de Ciencia, Arte e Innovaci\u00f3n Tecnol\u00f3gica de la UNT, <strong>Dra. M\u00f3nica Tirado<\/strong>, junto con representantes de las distintas unidades acad\u00e9micas.<\/p>\n<p>En este contexto, el decano, <strong>Mg. Jorge Rospide<\/strong>, y el vicedecano, <strong>Esp. Gustavo Sota<\/strong>, dieron la bienvenida a los presentes acompa\u00f1ados por la secretaria de Ciencia, T\u00e9cnica y Posgrado, <strong>Esp. Gabriela S\u00e1nchez<\/strong>, y la subsecretaria de Investigaci\u00f3n, <strong>Mg. Elsa Rodr\u00edguez Areal.<\/strong><\/p>\n<p style=\"text-align: center\"><a href=\"https:\/\/face.unt.edu.ar\/web\/wp-content\/uploads\/2025\/09\/544498929_1374051028058641_6633664802689480321_n.jpg\"><img decoding=\"async\" loading=\"lazy\" class=\"alignnone wp-image-21109\" src=\"https:\/\/face.unt.edu.ar\/web\/wp-content\/uploads\/2025\/09\/544498929_1374051028058641_6633664802689480321_n-300x225.jpg\" alt=\"\" width=\"453\" height=\"340\" \/><\/a><\/p>\n<p>En la ocasi\u00f3n, compartieron las distintas acciones y proyectos que se vienen desarrollando en el \u00e1mbito de la investigaci\u00f3n, entre ellos la publicaci\u00f3n del segundo libro de trabajos de investigaci\u00f3n<strong> (PICE)<\/strong> que refleja el esfuerzo y la producci\u00f3n cient\u00edfica de docentes, estudiantes y graduados de nuestra comunidad acad\u00e9mica y de la <strong>REDFACE.<\/strong><\/p>\n<p><a href=\"https:\/\/face.unt.edu.ar\/web\/wp-content\/uploads\/2025\/09\/544542239_1374051031391974_3261082689551824376_n.jpg\"><img decoding=\"async\" loading=\"lazy\" class=\"wp-image-21110 aligncenter\" src=\"https:\/\/face.unt.edu.ar\/web\/wp-content\/uploads\/2025\/09\/544542239_1374051031391974_3261082689551824376_n-300x225.jpg\" alt=\"\" width=\"407\" height=\"305\" \/><\/a> <a href=\"https:\/\/face.unt.edu.ar\/web\/wp-content\/uploads\/2025\/09\/541662392_1374051044725306_1060650186881492368_n.jpg\"><img decoding=\"async\" loading=\"lazy\" class=\"wp-image-21111 aligncenter\" src=\"https:\/\/face.unt.edu.ar\/web\/wp-content\/uploads\/2025\/09\/541662392_1374051044725306_1060650186881492368_n-300x225.jpg\" alt=\"\" width=\"403\" height=\"302\" \/><\/a> <a href=\"https:\/\/face.unt.edu.ar\/web\/wp-content\/uploads\/2025\/09\/544398450_1374051041391973_5728591629720765331_n.jpg\"><img decoding=\"async\" loading=\"lazy\" class=\" wp-image-21112 aligncenter\" src=\"https:\/\/face.unt.edu.ar\/web\/wp-content\/uploads\/2025\/09\/544398450_1374051041391973_5728591629720765331_n-300x225.jpg\" alt=\"\" width=\"463\" height=\"347\" \/><\/a><\/p>\n","protected":false},"excerpt":{"rendered":"<p>Nuestra Facultad de Ciencias Econ\u00f3micas recibi\u00f3 a los integrantes del Consejo de Investigaciones de la Universidad Nacional de Tucum\u00e1n (CIUNT), en el marco de su reuni\u00f3n mensual.Particip\u00f3 la secretaria de Ciencia, Arte e Innovaci\u00f3n Tecnol\u00f3gica de la UNT, Dra. M\u00f3nica Tirado, junto con representantes de las distintas unidades acad\u00e9micas. En este contexto, el decano, Mg. [&hellip;]<\/p>\n","protected":false},"author":123457,"featured_media":3549,"comment_status":"open","ping_status":"open","sticky":false,"template":"","format":"standard","meta":{"footnotes":""},"categories":[1],"tags":[],"_links":{"self":[{"href":"https:\/\/face.unt.edu.ar\/web\/posgrados\/wp-json\/wp\/v2\/posts\/3548"}],"collection":[{"href":"https:\/\/face.unt.edu.ar\/web\/posgrados\/wp-json\/wp\/v2\/posts"}],"about":[{"href":"https:\/\/face.unt.edu.ar\/web\/posgrados\/wp-json\/wp\/v2\/types\/post"}],"author":[{"embeddable":true,"href":"https:\/\/face.unt.edu.ar\/web\/posgrados\/wp-json\/wp\/v2\/users\/123457"}],"replies":[{"embeddable":true,"href":"https:\/\/face.unt.edu.ar\/web\/posgrados\/wp-json\/wp\/v2\/comments?post=3548"}],"version-history":[{"count":1,"href":"https:\/\/face.unt.edu.ar\/web\/posgrados\/wp-json\/wp\/v2\/posts\/3548\/revisions"}],"predecessor-version":[{"id":3550,"href":"https:\/\/face.unt.edu.ar\/web\/posgrados\/wp-json\/wp\/v2\/posts\/3548\/revisions\/3550"}],"wp:featuredmedia":[{"embeddable":true,"href":"https:\/\/face.unt.edu.ar\/web\/posgrados\/wp-json\/wp\/v2\/media\/3549"}],"wp:attachment":[{"href":"https:\/\/face.unt.edu.ar\/web\/posgrados\/wp-json\/wp\/v2\/media?parent=3548"}],"wp:term":[{"taxonomy":"category","embeddable":true,"href":"https:\/\/face.unt.edu.ar\/web\/posgrados\/wp-json\/wp\/v2\/categories?post=3548"},{"taxonomy":"post_tag","embeddable":true,"href":"https:\/\/face.unt.edu.ar\/web\/posgrados\/wp-json\/wp\/v2\/tags?post=3548"}],"curies":[{"name":"wp","href":"https:\/\/api.w.org\/{rel}","templated":true}]}}