{"id":366,"date":"2022-08-19T15:55:12","date_gmt":"2022-08-19T15:55:12","guid":{"rendered":"https:\/\/face.unt.edu.ar\/web\/sbe\/?p=366"},"modified":"2022-08-19T17:48:17","modified_gmt":"2022-08-19T17:48:17","slug":"politicas-socioeducativas-de-articulacion-institucional","status":"publish","type":"post","link":"https:\/\/face.unt.edu.ar\/web\/sbe\/politicas-socioeducativas-de-articulacion-institucional\/","title":{"rendered":"Pol\u00edticas socioeducativas de articulaci\u00f3n institucional"},"content":{"rendered":"<p>El decano de nuestra\u00a0<strong>Facultad de Ciencias Econ\u00f3micas de la UNT<\/strong>,\u00a0<strong>Mg. Jorge Rospide<\/strong>, se reuni\u00f3 con el presidente de la <strong>Fundaci\u00f3n <\/strong><strong>Banco de Alimentos de Tucum\u00e1n<\/strong>,\u00a0<strong>Pablo Grandval<\/strong>\u00a0y la directora de esta instituci\u00f3n,\u00a0<strong>Josefina Correa<\/strong>. Tambi\u00e9n particip\u00f3 el secretario de Gesti\u00f3n y Bienestar Universitario de nuestra unidad acad\u00e9mica,\u00a0<strong>Esp. Enrique Garc\u00eda Kalat<\/strong>.<\/p>\n<p><img decoding=\"async\" loading=\"lazy\" class=\"aligncenter wp-image-368\" src=\"https:\/\/face.unt.edu.ar\/web\/sbe\/wp-content\/uploads\/sites\/7\/2022\/08\/298404407_492334452896974_7074023137330264574_n-300x225.jpg\" alt=\"\" width=\"456\" height=\"342\" srcset=\"https:\/\/face.unt.edu.ar\/web\/sbe\/wp-content\/uploads\/sites\/7\/2022\/08\/298404407_492334452896974_7074023137330264574_n-300x225.jpg 300w, https:\/\/face.unt.edu.ar\/web\/sbe\/wp-content\/uploads\/sites\/7\/2022\/08\/298404407_492334452896974_7074023137330264574_n-1024x768.jpg 1024w, https:\/\/face.unt.edu.ar\/web\/sbe\/wp-content\/uploads\/sites\/7\/2022\/08\/298404407_492334452896974_7074023137330264574_n-768x576.jpg 768w, https:\/\/face.unt.edu.ar\/web\/sbe\/wp-content\/uploads\/sites\/7\/2022\/08\/298404407_492334452896974_7074023137330264574_n-1536x1152.jpg 1536w, https:\/\/face.unt.edu.ar\/web\/sbe\/wp-content\/uploads\/sites\/7\/2022\/08\/298404407_492334452896974_7074023137330264574_n-80x60.jpg 80w, https:\/\/face.unt.edu.ar\/web\/sbe\/wp-content\/uploads\/sites\/7\/2022\/08\/298404407_492334452896974_7074023137330264574_n-265x198.jpg 265w, https:\/\/face.unt.edu.ar\/web\/sbe\/wp-content\/uploads\/sites\/7\/2022\/08\/298404407_492334452896974_7074023137330264574_n-696x522.jpg 696w, https:\/\/face.unt.edu.ar\/web\/sbe\/wp-content\/uploads\/sites\/7\/2022\/08\/298404407_492334452896974_7074023137330264574_n-1068x801.jpg 1068w, https:\/\/face.unt.edu.ar\/web\/sbe\/wp-content\/uploads\/sites\/7\/2022\/08\/298404407_492334452896974_7074023137330264574_n-560x420.jpg 560w, https:\/\/face.unt.edu.ar\/web\/sbe\/wp-content\/uploads\/sites\/7\/2022\/08\/298404407_492334452896974_7074023137330264574_n-1920x1440.jpg 1920w, https:\/\/face.unt.edu.ar\/web\/sbe\/wp-content\/uploads\/sites\/7\/2022\/08\/298404407_492334452896974_7074023137330264574_n.jpg 2048w\" sizes=\"(max-width: 456px) 100vw, 456px\" \/><\/p>\n<p>El encuentro sirvi\u00f3 como puntapi\u00e9 inicial para generar v\u00ednculos entre ambas instituciones y analizar las posibilidades de realizar acciones de forma conjunta.<\/p>\n<p>Desde el Banco de Alimentos destacaron las distintas formas a trav\u00e9s de las cuales nuestra Facultad puede colaborar con la tarea social que ellos llevan a cabo y la importancia de fortalecer este lazo que hoy inicia.<\/p>\n<p>El Decano coment\u00f3 sobre los nuevos requerimientos que est\u00e1n teniendo las universidades p\u00fablicas actualmente, ya que su funci\u00f3n no se limita a brindar formaci\u00f3n acad\u00e9mica solamente a los estudiantes, sino tambi\u00e9n, impulsar el trabajo social a trav\u00e9s de proyectos y distintas actividades en las que las facultades deben involucrarse.<\/p>\n<p>Por su parte, el Secretario de Gesti\u00f3n y Bienestar Universitario resalt\u00f3 la predisposici\u00f3n de quienes integran nuestra Casa de Estudios, para el desarrollo de actividades mancomunadas con organizaciones como el Banco de Alimentos de Tucum\u00e1n con el objetivo de realizar extensi\u00f3n universitaria y hacer una devoluci\u00f3n concreta nuestra sociedad.<\/p>\n<p><img decoding=\"async\" loading=\"lazy\" class=\"size-medium wp-image-370 alignleft\" src=\"https:\/\/face.unt.edu.ar\/web\/sbe\/wp-content\/uploads\/sites\/7\/2022\/08\/298691829_492334469563639_8390829540154927670_n-300x225.jpg\" alt=\"\" width=\"300\" height=\"225\" srcset=\"https:\/\/face.unt.edu.ar\/web\/sbe\/wp-content\/uploads\/sites\/7\/2022\/08\/298691829_492334469563639_8390829540154927670_n-300x225.jpg 300w, https:\/\/face.unt.edu.ar\/web\/sbe\/wp-content\/uploads\/sites\/7\/2022\/08\/298691829_492334469563639_8390829540154927670_n-1024x768.jpg 1024w, https:\/\/face.unt.edu.ar\/web\/sbe\/wp-content\/uploads\/sites\/7\/2022\/08\/298691829_492334469563639_8390829540154927670_n-768x576.jpg 768w, https:\/\/face.unt.edu.ar\/web\/sbe\/wp-content\/uploads\/sites\/7\/2022\/08\/298691829_492334469563639_8390829540154927670_n-1536x1152.jpg 1536w, https:\/\/face.unt.edu.ar\/web\/sbe\/wp-content\/uploads\/sites\/7\/2022\/08\/298691829_492334469563639_8390829540154927670_n-80x60.jpg 80w, https:\/\/face.unt.edu.ar\/web\/sbe\/wp-content\/uploads\/sites\/7\/2022\/08\/298691829_492334469563639_8390829540154927670_n-265x198.jpg 265w, https:\/\/face.unt.edu.ar\/web\/sbe\/wp-content\/uploads\/sites\/7\/2022\/08\/298691829_492334469563639_8390829540154927670_n-696x522.jpg 696w, https:\/\/face.unt.edu.ar\/web\/sbe\/wp-content\/uploads\/sites\/7\/2022\/08\/298691829_492334469563639_8390829540154927670_n-1068x801.jpg 1068w, https:\/\/face.unt.edu.ar\/web\/sbe\/wp-content\/uploads\/sites\/7\/2022\/08\/298691829_492334469563639_8390829540154927670_n-560x420.jpg 560w, https:\/\/face.unt.edu.ar\/web\/sbe\/wp-content\/uploads\/sites\/7\/2022\/08\/298691829_492334469563639_8390829540154927670_n-1920x1440.jpg 1920w, https:\/\/face.unt.edu.ar\/web\/sbe\/wp-content\/uploads\/sites\/7\/2022\/08\/298691829_492334469563639_8390829540154927670_n.jpg 2048w\" sizes=\"(max-width: 300px) 100vw, 300px\" \/><\/p>\n<p><img decoding=\"async\" loading=\"lazy\" class=\"size-medium wp-image-369 alignleft\" src=\"https:\/\/face.unt.edu.ar\/web\/sbe\/wp-content\/uploads\/sites\/7\/2022\/08\/298047502_492334536230299_3672587925321842807_n-300x225.jpg\" alt=\"\" width=\"300\" height=\"225\" srcset=\"https:\/\/face.unt.edu.ar\/web\/sbe\/wp-content\/uploads\/sites\/7\/2022\/08\/298047502_492334536230299_3672587925321842807_n-300x225.jpg 300w, https:\/\/face.unt.edu.ar\/web\/sbe\/wp-content\/uploads\/sites\/7\/2022\/08\/298047502_492334536230299_3672587925321842807_n-1024x768.jpg 1024w, https:\/\/face.unt.edu.ar\/web\/sbe\/wp-content\/uploads\/sites\/7\/2022\/08\/298047502_492334536230299_3672587925321842807_n-768x576.jpg 768w, https:\/\/face.unt.edu.ar\/web\/sbe\/wp-content\/uploads\/sites\/7\/2022\/08\/298047502_492334536230299_3672587925321842807_n-1536x1152.jpg 1536w, https:\/\/face.unt.edu.ar\/web\/sbe\/wp-content\/uploads\/sites\/7\/2022\/08\/298047502_492334536230299_3672587925321842807_n-80x60.jpg 80w, https:\/\/face.unt.edu.ar\/web\/sbe\/wp-content\/uploads\/sites\/7\/2022\/08\/298047502_492334536230299_3672587925321842807_n-265x198.jpg 265w, https:\/\/face.unt.edu.ar\/web\/sbe\/wp-content\/uploads\/sites\/7\/2022\/08\/298047502_492334536230299_3672587925321842807_n-696x522.jpg 696w, https:\/\/face.unt.edu.ar\/web\/sbe\/wp-content\/uploads\/sites\/7\/2022\/08\/298047502_492334536230299_3672587925321842807_n-1068x801.jpg 1068w, https:\/\/face.unt.edu.ar\/web\/sbe\/wp-content\/uploads\/sites\/7\/2022\/08\/298047502_492334536230299_3672587925321842807_n-560x420.jpg 560w, https:\/\/face.unt.edu.ar\/web\/sbe\/wp-content\/uploads\/sites\/7\/2022\/08\/298047502_492334536230299_3672587925321842807_n-1920x1440.jpg 1920w, https:\/\/face.unt.edu.ar\/web\/sbe\/wp-content\/uploads\/sites\/7\/2022\/08\/298047502_492334536230299_3672587925321842807_n.jpg 2048w\" sizes=\"(max-width: 300px) 100vw, 300px\" \/><\/p>\n","protected":false},"excerpt":{"rendered":"<p>El decano de nuestra\u00a0Facultad de Ciencias Econ\u00f3micas de la UNT,\u00a0Mg. Jorge Rospide, se reuni\u00f3 con el presidente de la Fundaci\u00f3n Banco de Alimentos de Tucum\u00e1n,\u00a0Pablo Grandval\u00a0y la directora de esta instituci\u00f3n,\u00a0Josefina Correa. Tambi\u00e9n particip\u00f3 el secretario de Gesti\u00f3n y Bienestar Universitario de nuestra unidad acad\u00e9mica,\u00a0Esp. Enrique Garc\u00eda Kalat. El encuentro sirvi\u00f3 como puntapi\u00e9 inicial para [&hellip;]<\/p>\n","protected":false},"author":2,"featured_media":367,"comment_status":"open","ping_status":"open","sticky":false,"template":"","format":"standard","meta":{"footnotes":""},"categories":[1],"tags":[14,15,13],"_links":{"self":[{"href":"https:\/\/face.unt.edu.ar\/web\/sbe\/wp-json\/wp\/v2\/posts\/366"}],"collection":[{"href":"https:\/\/face.unt.edu.ar\/web\/sbe\/wp-json\/wp\/v2\/posts"}],"about":[{"href":"https:\/\/face.unt.edu.ar\/web\/sbe\/wp-json\/wp\/v2\/types\/post"}],"author":[{"embeddable":true,"href":"https:\/\/face.unt.edu.ar\/web\/sbe\/wp-json\/wp\/v2\/users\/2"}],"replies":[{"embeddable":true,"href":"https:\/\/face.unt.edu.ar\/web\/sbe\/wp-json\/wp\/v2\/comments?post=366"}],"version-history":[{"count":2,"href":"https:\/\/face.unt.edu.ar\/web\/sbe\/wp-json\/wp\/v2\/posts\/366\/revisions"}],"predecessor-version":[{"id":372,"href":"https:\/\/face.unt.edu.ar\/web\/sbe\/wp-json\/wp\/v2\/posts\/366\/revisions\/372"}],"wp:featuredmedia":[{"embeddable":true,"href":"https:\/\/face.unt.edu.ar\/web\/sbe\/wp-json\/wp\/v2\/media\/367"}],"wp:attachment":[{"href":"https:\/\/face.unt.edu.ar\/web\/sbe\/wp-json\/wp\/v2\/media?parent=366"}],"wp:term":[{"taxonomy":"category","embeddable":true,"href":"https:\/\/face.unt.edu.ar\/web\/sbe\/wp-json\/wp\/v2\/categories?post=366"},{"taxonomy":"post_tag","embeddable":true,"href":"https:\/\/face.unt.edu.ar\/web\/sbe\/wp-json\/wp\/v2\/tags?post=366"}],"curies":[{"name":"wp","href":"https:\/\/api.w.org\/{rel}","templated":true}]}}