{"id":53,"date":"2014-09-07T23:42:23","date_gmt":"2014-09-07T23:42:23","guid":{"rendered":"http:\/\/face.unt.edu.ar\/web\/sbe\/?p=53"},"modified":"2014-09-07T23:59:07","modified_gmt":"2014-09-07T23:59:07","slug":"xxx-jornadas-nacionales-de-administracion-contabilidad-y-economia","status":"publish","type":"post","link":"https:\/\/face.unt.edu.ar\/web\/sbe\/xxx-jornadas-nacionales-de-administracion-contabilidad-y-economia\/","title":{"rendered":"XXX Jornadas Nacionales de Administraci\u00f3n, Contabilidad y Econom\u00eda"},"content":{"rendered":"<p>Con motivo de mantener actualizados los conocimientos que se brindan en nuestra facultad, del 12 al 14 de septiembre se llevar\u00e1n a cabo las XXX Jornadas Nacionales de Administraci\u00f3n Contabilidad y Econom\u00eda.<!--more--><br \/>\nM\u00e1s de 1300 alumnos de distintas\u00a0ciudades del pa\u00eds se dar\u00e1n cita en nuestra casa, para compartir tres d\u00edas de experiencias en las distintas \u00e1reas en las que nuestra facultad brinda sus conocimientos: Administraci\u00f3n Contabilidad y Econom\u00eda.<br \/>\nLa participaci\u00f3n de profesores de destacada trayectoria har\u00e1 tambi\u00e9n de estos d\u00edas, un encuentro m\u00e1s que enriquecedor en lo que respecta a lo acad\u00e9mico y social.<img decoding=\"async\" title=\"Read More...\" src=\"data:image\/gif;base64,R0lGODlhAQABAIAAAAAAAP\/\/\/yH5BAEAAAAALAAAAAABAAEAAAIBRAA7\" alt=\"\" data-wp-more=\"\" data-mce-resize=\"false\" data-mce-placeholder=\"1\" \/><\/p>\n<p>Luego de ser seleccionada por la delegaci\u00f3n organizadora de estas jornadas, la FACE abre sus puertas no s\u00f3lo a los alumnos de nuestra facultad en la provincia sino tambi\u00e9n al publico en general y alumnos de las otras tres Universidades con las cuenta nuestra regi\u00f3n.<\/p>\n<p>El acto de apertura ser\u00e1 el viernes 12 de septiembre a las 13 hs. y contar\u00e1 con la presencia de Julio Cobos, ex vicepresidente y ex decano de la Universidad Tecnol\u00f3gica de Mendoza, y autoridades de nuestra Facultad.<br \/>\nCharlas simult\u00e1neas en las tres \u00e1reas se brindar\u00e1n en distintas aulas de nuestro edificio sito en Av. Independencia 1900. Los horarios previstos para las mismas son de 15 a 19; en tanto que para la jornada del domingo est\u00e1 programada la disertaci\u00f3n de los alumnos que presentan sus ponencias.<\/p>\n<p>Alumnos de la FACE pueden inscribirse hasta el 5 de septiembre por un valor de $250. Del 6 de septiembre hasta el d\u00eda 12 el valor ser\u00e1 de $300. Para otras facultades y p\u00fablico en general la inscripci\u00f3n tendr\u00e1 un costo de $450, valor que incluye el material de estudio, la acreditaci\u00f3n a la jornada, el certificado de asistencia y la invitaci\u00f3n a dos eventos que son el inicio y el cierre de la jornada previsto con dos eventos sociales.<img decoding=\"async\" title=\"Read More...\" src=\"data:image\/gif;base64,R0lGODlhAQABAIAAAAAAAP\/\/\/yH5BAEAAAAALAAAAAABAAEAAAIBRAA7\" alt=\"\" data-wp-more=\"\" data-mce-resize=\"false\" data-mce-placeholder=\"1\" \/><img decoding=\"async\" title=\"Read More...\" src=\"data:image\/gif;base64,R0lGODlhAQABAIAAAAAAAP\/\/\/yH5BAEAAAAALAAAAAABAAEAAAIBRAA7\" alt=\"\" data-wp-more=\"\" data-mce-resize=\"false\" data-mce-placeholder=\"1\" \/><img decoding=\"async\" title=\"Read More...\" src=\"data:image\/gif;base64,R0lGODlhAQABAIAAAAAAAP\/\/\/yH5BAEAAAAALAAAAAABAAEAAAIBRAA7\" alt=\"\" data-wp-more=\"\" data-mce-resize=\"false\" data-mce-placeholder=\"1\" \/><img decoding=\"async\" title=\"Read More...\" src=\"data:image\/gif;base64,R0lGODlhAQABAIAAAAAAAP\/\/\/yH5BAEAAAAALAAAAAABAAEAAAIBRAA7\" alt=\"\" data-wp-more=\"\" data-mce-resize=\"false\" data-mce-placeholder=\"1\" \/><img decoding=\"async\" title=\"Read More...\" src=\"data:image\/gif;base64,R0lGODlhAQABAIAAAAAAAP\/\/\/yH5BAEAAAAALAAAAAABAAEAAAIBRAA7\" alt=\"\" data-wp-more=\"\" data-mce-resize=\"false\" data-mce-placeholder=\"1\" \/><img decoding=\"async\" title=\"Read More...\" src=\"data:image\/gif;base64,R0lGODlhAQABAIAAAAAAAP\/\/\/yH5BAEAAAAALAAAAAABAAEAAAIBRAA7\" alt=\"\" data-wp-more=\"\" data-mce-resize=\"false\" data-mce-placeholder=\"1\" \/><\/p>\n","protected":false},"excerpt":{"rendered":"<p>Con motivo de mantener actualizados los conocimientos que se brindan en nuestra facultad, del 12 al 14 de septiembre se llevar\u00e1n a cabo las XXX Jornadas Nacionales de Administraci\u00f3n Contabilidad y Econom\u00eda.<\/p>\n","protected":false},"author":5,"featured_media":0,"comment_status":"open","ping_status":"open","sticky":false,"template":"","format":"standard","meta":{"footnotes":""},"categories":[4],"tags":[],"_links":{"self":[{"href":"https:\/\/face.unt.edu.ar\/web\/sbe\/wp-json\/wp\/v2\/posts\/53"}],"collection":[{"href":"https:\/\/face.unt.edu.ar\/web\/sbe\/wp-json\/wp\/v2\/posts"}],"about":[{"href":"https:\/\/face.unt.edu.ar\/web\/sbe\/wp-json\/wp\/v2\/types\/post"}],"author":[{"embeddable":true,"href":"https:\/\/face.unt.edu.ar\/web\/sbe\/wp-json\/wp\/v2\/users\/5"}],"replies":[{"embeddable":true,"href":"https:\/\/face.unt.edu.ar\/web\/sbe\/wp-json\/wp\/v2\/comments?post=53"}],"version-history":[{"count":4,"href":"https:\/\/face.unt.edu.ar\/web\/sbe\/wp-json\/wp\/v2\/posts\/53\/revisions"}],"predecessor-version":[{"id":60,"href":"https:\/\/face.unt.edu.ar\/web\/sbe\/wp-json\/wp\/v2\/posts\/53\/revisions\/60"}],"wp:attachment":[{"href":"https:\/\/face.unt.edu.ar\/web\/sbe\/wp-json\/wp\/v2\/media?parent=53"}],"wp:term":[{"taxonomy":"category","embeddable":true,"href":"https:\/\/face.unt.edu.ar\/web\/sbe\/wp-json\/wp\/v2\/categories?post=53"},{"taxonomy":"post_tag","embeddable":true,"href":"https:\/\/face.unt.edu.ar\/web\/sbe\/wp-json\/wp\/v2\/tags?post=53"}],"curies":[{"name":"wp","href":"https:\/\/api.w.org\/{rel}","templated":true}]}}