{"id":82,"date":"2014-10-24T16:25:23","date_gmt":"2014-10-24T16:25:23","guid":{"rendered":"http:\/\/face.unt.edu.ar\/web\/sbe\/?p=82"},"modified":"2014-10-24T16:30:08","modified_gmt":"2014-10-24T16:30:08","slug":"taller-de-insercion-laboral-2014","status":"publish","type":"post","link":"https:\/\/face.unt.edu.ar\/web\/sbe\/taller-de-insercion-laboral-2014\/","title":{"rendered":"Taller de Inserci\u00f3n Laboral &#8211; 2014"},"content":{"rendered":"<p>Te invitamos a participar del Taller de Inserci\u00f3n Laboral, organizado por la Secretar\u00eda de Bienestar Estudiantil y el Instituto de Administraci\u00f3n de la Facultad de Ciencias Econ\u00f3micas.<\/p>\n<p>Las inscripciones se realizar\u00e1n desde el 27 de Octubre en los horarios de atenci\u00f3n de la Secretar\u00eda de Bienestar Estudiantil (lunes a viernes de 9 a 13, martes y jueves de 17 a 19:30hs).<\/p>\n<p>El Taller tiene un costo de $50 que incluye el material de trabajo y el certificado. Cupos limitados!!<\/p>\n<p>TE ESPERAMOS!!<\/p>\n<p><a href=\"http:\/\/face.unt.edu.ar\/web\/sbe\/wp-content\/uploads\/sites\/7\/2014\/10\/Taller-de-Insercion-Laboral.jpg\"><img decoding=\"async\" loading=\"lazy\" class=\"aligncenter size-large wp-image-81\" src=\"http:\/\/face.unt.edu.ar\/web\/sbe\/wp-content\/uploads\/sites\/7\/2014\/10\/Taller-de-Insercion-Laboral-791x1024.jpg\" alt=\"Taller de Insercion Laboral\" width=\"791\" height=\"1024\" srcset=\"https:\/\/face.unt.edu.ar\/web\/sbe\/wp-content\/uploads\/sites\/7\/2014\/10\/Taller-de-Insercion-Laboral-791x1024.jpg 791w, https:\/\/face.unt.edu.ar\/web\/sbe\/wp-content\/uploads\/sites\/7\/2014\/10\/Taller-de-Insercion-Laboral-231x300.jpg 231w, https:\/\/face.unt.edu.ar\/web\/sbe\/wp-content\/uploads\/sites\/7\/2014\/10\/Taller-de-Insercion-Laboral.jpg 1275w\" sizes=\"(max-width: 791px) 100vw, 791px\" \/><\/a><\/p>\n","protected":false},"excerpt":{"rendered":"<p>Te invitamos a participar del Taller de Inserci\u00f3n Laboral, organizado por la Secretar\u00eda de Bienestar Estudiantil y el Instituto de Administraci\u00f3n de la Facultad de Ciencias Econ\u00f3micas. Las inscripciones se realizar\u00e1n desde el 27 de Octubre en los horarios de atenci\u00f3n de la Secretar\u00eda de Bienestar Estudiantil (lunes a viernes de 9 a 13, martes [&hellip;]<\/p>\n","protected":false},"author":14,"featured_media":0,"comment_status":"open","ping_status":"open","sticky":false,"template":"","format":"standard","meta":{"footnotes":""},"categories":[4,1],"tags":[],"_links":{"self":[{"href":"https:\/\/face.unt.edu.ar\/web\/sbe\/wp-json\/wp\/v2\/posts\/82"}],"collection":[{"href":"https:\/\/face.unt.edu.ar\/web\/sbe\/wp-json\/wp\/v2\/posts"}],"about":[{"href":"https:\/\/face.unt.edu.ar\/web\/sbe\/wp-json\/wp\/v2\/types\/post"}],"author":[{"embeddable":true,"href":"https:\/\/face.unt.edu.ar\/web\/sbe\/wp-json\/wp\/v2\/users\/14"}],"replies":[{"embeddable":true,"href":"https:\/\/face.unt.edu.ar\/web\/sbe\/wp-json\/wp\/v2\/comments?post=82"}],"version-history":[{"count":2,"href":"https:\/\/face.unt.edu.ar\/web\/sbe\/wp-json\/wp\/v2\/posts\/82\/revisions"}],"predecessor-version":[{"id":86,"href":"https:\/\/face.unt.edu.ar\/web\/sbe\/wp-json\/wp\/v2\/posts\/82\/revisions\/86"}],"wp:attachment":[{"href":"https:\/\/face.unt.edu.ar\/web\/sbe\/wp-json\/wp\/v2\/media?parent=82"}],"wp:term":[{"taxonomy":"category","embeddable":true,"href":"https:\/\/face.unt.edu.ar\/web\/sbe\/wp-json\/wp\/v2\/categories?post=82"},{"taxonomy":"post_tag","embeddable":true,"href":"https:\/\/face.unt.edu.ar\/web\/sbe\/wp-json\/wp\/v2\/tags?post=82"}],"curies":[{"name":"wp","href":"https:\/\/api.w.org\/{rel}","templated":true}]}}