{"id":10014,"date":"2020-02-28T14:21:55","date_gmt":"2020-02-28T14:21:55","guid":{"rendered":"http:\/\/face.unt.edu.ar\/web\/?p=10014"},"modified":"2020-02-28T14:21:55","modified_gmt":"2020-02-28T14:21:55","slug":"reunion-informativa-sobre-la-especializacion-en-finanzas","status":"publish","type":"post","link":"https:\/\/face.unt.edu.ar\/web\/blog\/reunion-informativa-sobre-la-especializacion-en-finanzas\/","title":{"rendered":"Reuni\u00f3n Informativa sobre la Especializaci\u00f3n en Finanzas"},"content":{"rendered":"<p style=\"font-weight: 400\">Se invita a participar de la\u00a0<strong>Reuni\u00f3n Informativa<\/strong>\u00a0de la carrera de Posgrado\u00a0<strong>Especializaci\u00f3n en Finanzas<\/strong>, que se dicta en nuestra Facultad.<\/p>\n<p style=\"font-weight: 400\">La Reuni\u00f3n ser\u00e1 el lunes\u00a0<strong>09 de marzo\u00a0<\/strong>de 2020, a las\u00a0<strong>18:30 horas<\/strong>, en el\u00a0<strong>Aula 1<\/strong>\u00a0de esta Casa de Estudios.<\/p>\n<p style=\"font-weight: 400\">Cabe destacar que las clases inicial en Abril de este a\u00f1o.<\/p>\n<p style=\"font-weight: 400\">Por\u00a0<strong>m\u00e1s informaci\u00f3n\u00a0<\/strong>pueden dirigirse a la Facultad de Ciencias Econ\u00f3micas en Avda. Independencia 1900, Oficina 90, de lunes a viernes de 8:30 a 13 hs. Tambi\u00e9n pueden comunicarse por tel\u00e9fono a 4107547<br \/>\n(0381) 156095373 o via e-mail a\u00a0<a href=\"mailto:espfinanzas@face.unt.edu.ar\">espfinanzas@face.unt.edu.ar<\/a><\/p>\n<p><a href=\"http:\/\/face.unt.edu.ar\/web\/wp-content\/uploads\/2020\/02\/POSGRADO-FINANZAS.jpg\"><img decoding=\"async\" loading=\"lazy\" class=\" wp-image-10015 aligncenter\" src=\"http:\/\/face.unt.edu.ar\/web\/wp-content\/uploads\/2020\/02\/POSGRADO-FINANZAS-241x300.jpg\" alt=\"\" width=\"419\" height=\"521\" srcset=\"https:\/\/face.unt.edu.ar\/web\/wp-content\/uploads\/2020\/02\/POSGRADO-FINANZAS-241x300.jpg 241w, https:\/\/face.unt.edu.ar\/web\/wp-content\/uploads\/2020\/02\/POSGRADO-FINANZAS-337x420.jpg 337w, https:\/\/face.unt.edu.ar\/web\/wp-content\/uploads\/2020\/02\/POSGRADO-FINANZAS.jpg 489w\" sizes=\"(max-width: 419px) 100vw, 419px\" \/><\/a><\/p>\n","protected":false},"excerpt":{"rendered":"<p>Se invita a participar de la\u00a0Reuni\u00f3n Informativa\u00a0de la carrera de Posgrado\u00a0Especializaci\u00f3n en Finanzas, que se dicta en nuestra Facultad. La Reuni\u00f3n ser\u00e1 el lunes\u00a009 de marzo\u00a0de 2020, a las\u00a018:30 horas, en el\u00a0Aula 1\u00a0de esta Casa de Estudios. Cabe destacar que las clases inicial en Abril de este a\u00f1o. Por\u00a0m\u00e1s informaci\u00f3n\u00a0pueden dirigirse a la Facultad de [&hellip;]<\/p>\n","protected":false},"author":2,"featured_media":10016,"comment_status":"open","ping_status":"open","sticky":false,"template":"","format":"standard","meta":{"_et_pb_use_builder":"","_et_pb_old_content":"","_et_gb_content_width":"","footnotes":""},"categories":[4,5],"tags":[535,197],"_links":{"self":[{"href":"https:\/\/face.unt.edu.ar\/web\/wp-json\/wp\/v2\/posts\/10014"}],"collection":[{"href":"https:\/\/face.unt.edu.ar\/web\/wp-json\/wp\/v2\/posts"}],"about":[{"href":"https:\/\/face.unt.edu.ar\/web\/wp-json\/wp\/v2\/types\/post"}],"author":[{"embeddable":true,"href":"https:\/\/face.unt.edu.ar\/web\/wp-json\/wp\/v2\/users\/2"}],"replies":[{"embeddable":true,"href":"https:\/\/face.unt.edu.ar\/web\/wp-json\/wp\/v2\/comments?post=10014"}],"version-history":[{"count":1,"href":"https:\/\/face.unt.edu.ar\/web\/wp-json\/wp\/v2\/posts\/10014\/revisions"}],"predecessor-version":[{"id":10017,"href":"https:\/\/face.unt.edu.ar\/web\/wp-json\/wp\/v2\/posts\/10014\/revisions\/10017"}],"wp:featuredmedia":[{"embeddable":true,"href":"https:\/\/face.unt.edu.ar\/web\/wp-json\/wp\/v2\/media\/10016"}],"wp:attachment":[{"href":"https:\/\/face.unt.edu.ar\/web\/wp-json\/wp\/v2\/media?parent=10014"}],"wp:term":[{"taxonomy":"category","embeddable":true,"href":"https:\/\/face.unt.edu.ar\/web\/wp-json\/wp\/v2\/categories?post=10014"},{"taxonomy":"post_tag","embeddable":true,"href":"https:\/\/face.unt.edu.ar\/web\/wp-json\/wp\/v2\/tags?post=10014"}],"curies":[{"name":"wp","href":"https:\/\/api.w.org\/{rel}","templated":true}]}}