{"id":10257,"date":"2020-04-25T21:25:30","date_gmt":"2020-04-25T21:25:30","guid":{"rendered":"http:\/\/face.unt.edu.ar\/web\/?p=10257"},"modified":"2020-04-25T21:25:30","modified_gmt":"2020-04-25T21:25:30","slug":"inicia-la-especializacion-en-comercio-internacional","status":"publish","type":"post","link":"https:\/\/face.unt.edu.ar\/web\/blog\/inicia-la-especializacion-en-comercio-internacional\/","title":{"rendered":"Inicia la Especializaci\u00f3n en Comercio Internacional"},"content":{"rendered":"<p style=\"font-weight: 400\">La nueva carrera de posgrado\u00a0<strong>Especializaci\u00f3n en Comercio Internacional, inicia<\/strong>\u00a0<strong>su cursado\u00a0<\/strong>este a\u00f1o en la Facultad de Ciencias Econ\u00f3micas de la Universidad Nacional de Tucum\u00e1n.\u00a0<strong>La primera clase ser\u00e1 el viernes 8 de Mayo.<\/strong><\/p>\n<p style=\"font-weight: 400\"><strong>Iniciar\u00e1 con los primeros cursos de modo virtual<\/strong>, hasta tanto sea posible retornar a las aulas. Las clases se concentran los d\u00edas viernes por la tarde y s\u00e1bados por la ma\u00f1ana.<\/p>\n<p style=\"font-weight: 400\">Las\u00a0<strong>inscripciones<\/strong>\u00a0pueden realizarse totalmente online en el\u00a0siguiente link:\u00a0<a href=\"http:\/\/bit.ly\/com_internacional\" target=\"_blank\" rel=\"noopener noreferrer\" data-saferedirecturl=\"https:\/\/www.google.com\/url?q=http:\/\/bit.ly\/com_internacional&amp;source=gmail&amp;ust=1587936091740000&amp;usg=AFQjCNFVk7wWf9VIIMiY4pVr-K6cmbsSrw\"><strong>http:\/\/bit.ly\/com_internacional<\/strong><\/a><strong>\u00a0<\/strong><\/p>\n<p style=\"font-weight: 400\">Por\u00a0<strong>informes<\/strong>\u00a0pueden comunicarse v\u00eda e.mail\u00a0<a href=\"mailto:eci@face.unt.edu.ar\"><strong>eci@face.unt.edu.ar<\/strong><\/a>\u00a0o al celular\u00a0<strong>381 5185874<\/strong>.<\/p>\n<p style=\"font-weight: 400\"><strong>Sobre la carrera<\/strong><\/p>\n<p style=\"font-weight: 400\">Se\u00a0trata de un moderno programa que abarca los aspectos m\u00e1s importantes relacionados al comercio\u00a0 internacional desde una perspectiva multidisciplinaria y, a\u00a0su vez, ofrece una s\u00f3lida formaci\u00f3n integral en negocios para lograr el \u00f3ptimo desempe\u00f1o de una empresa en circunstancias diversas.\u00a0La carrera\u00a0est\u00e1 destinado a profesionales de las \u00e1reas de Ciencias Econ\u00f3micas, Ingenier\u00eda, Agronom\u00eda, Derecho, Comercio Internacional, Relaciones Internacionales, y otras vinculadas a trav\u00e9s del comercio entre pa\u00edses.<\/p>\n<p style=\"font-weight: 400\">A pesar de que la incertidumbre ti\u00f1e la mayor\u00eda de los proyectos de nuestra sociedad, creemos que la ampliaci\u00f3n de los conocimientos y la adquisici\u00f3n de herramientas esenciales, ser\u00e1n el camino para hacer la diferencia en la salida de la crisis actual y para lograr la inserci\u00f3n en el mercado internacional ante el nuevo escenario mundial.\u00a0Es precisamente esto lo que nuestro posgrado ofrece en materia de comercio internacional, a trav\u00e9s de la formaci\u00f3n y experiencia de nuestros destacados docentes regulares e invitados.<\/p>\n<p style=\"font-weight: 400\">Para ampliar informaci\u00f3n sobre la carrera, los objetivos, el perfil del Especialista en Comercio Internacional, requisitos, plan de estudio y docentes pueden ingresar la<strong> <a href=\"https:\/\/face.unt.edu.ar\/web\/posgrados\/especializacion-en-comercio-internacional\/\" target=\"_blank\" rel=\"noopener noreferrer\">Web &#8211; Click aqu\u00ed\u00a0<\/a><\/strong><\/p>\n<p style=\"font-weight: 400\">Tambi\u00e9n pueden consultar la p\u00e1gina de <strong><a href=\"https:\/\/www.facebook.com\/Especializaci%C3%B3n-en-Comercio-Internacional-FACE-UNT-100135048064667\/\" target=\"_blank\" rel=\"noopener noreferrer\">Facebook &#8211; Click aqu\u00ed\u00a0<\/a><\/strong><\/p>\n<p style=\"font-weight: 400\">\n","protected":false},"excerpt":{"rendered":"<p>La nueva carrera de posgrado\u00a0Especializaci\u00f3n en Comercio Internacional, inicia\u00a0su cursado\u00a0este a\u00f1o en la Facultad de Ciencias Econ\u00f3micas de la Universidad Nacional de Tucum\u00e1n.\u00a0La primera clase ser\u00e1 el viernes 8 de Mayo. Iniciar\u00e1 con los primeros cursos de modo virtual, hasta tanto sea posible retornar a las aulas. Las clases se concentran los d\u00edas viernes por [&hellip;]<\/p>\n","protected":false},"author":2,"featured_media":10258,"comment_status":"open","ping_status":"open","sticky":false,"template":"","format":"standard","meta":{"_et_pb_use_builder":"","_et_pb_old_content":"","_et_gb_content_width":"","footnotes":""},"categories":[4,5],"tags":[],"_links":{"self":[{"href":"https:\/\/face.unt.edu.ar\/web\/wp-json\/wp\/v2\/posts\/10257"}],"collection":[{"href":"https:\/\/face.unt.edu.ar\/web\/wp-json\/wp\/v2\/posts"}],"about":[{"href":"https:\/\/face.unt.edu.ar\/web\/wp-json\/wp\/v2\/types\/post"}],"author":[{"embeddable":true,"href":"https:\/\/face.unt.edu.ar\/web\/wp-json\/wp\/v2\/users\/2"}],"replies":[{"embeddable":true,"href":"https:\/\/face.unt.edu.ar\/web\/wp-json\/wp\/v2\/comments?post=10257"}],"version-history":[{"count":1,"href":"https:\/\/face.unt.edu.ar\/web\/wp-json\/wp\/v2\/posts\/10257\/revisions"}],"predecessor-version":[{"id":10259,"href":"https:\/\/face.unt.edu.ar\/web\/wp-json\/wp\/v2\/posts\/10257\/revisions\/10259"}],"wp:featuredmedia":[{"embeddable":true,"href":"https:\/\/face.unt.edu.ar\/web\/wp-json\/wp\/v2\/media\/10258"}],"wp:attachment":[{"href":"https:\/\/face.unt.edu.ar\/web\/wp-json\/wp\/v2\/media?parent=10257"}],"wp:term":[{"taxonomy":"category","embeddable":true,"href":"https:\/\/face.unt.edu.ar\/web\/wp-json\/wp\/v2\/categories?post=10257"},{"taxonomy":"post_tag","embeddable":true,"href":"https:\/\/face.unt.edu.ar\/web\/wp-json\/wp\/v2\/tags?post=10257"}],"curies":[{"name":"wp","href":"https:\/\/api.w.org\/{rel}","templated":true}]}}