{"id":10512,"date":"2020-06-16T11:08:48","date_gmt":"2020-06-16T11:08:48","guid":{"rendered":"https:\/\/face.unt.edu.ar\/web\/?p=10512"},"modified":"2020-06-16T11:08:48","modified_gmt":"2020-06-16T11:08:48","slug":"la-economia-y-el-comportamiento-humano","status":"publish","type":"post","link":"https:\/\/face.unt.edu.ar\/web\/blog\/la-economia-y-el-comportamiento-humano\/","title":{"rendered":"La econom\u00eda y el comportamiento humano"},"content":{"rendered":"<p style=\"font-weight: 400\">Se desarrolla el cursado virtual de la\u00a0<strong>Maestr\u00eda en Econom\u00eda<\/strong>, carrera de posgrado que inici\u00f3 este a\u00f1o en nuestra Facultad.<\/p>\n<p style=\"font-weight: 400\">Entre otros cursos, actualmente se est\u00e1 dictando la segunda parte del\u00a0<strong>curso de Teor\u00eda\u00a0Econ\u00f3mica<\/strong>, a cargo del\u00a0<strong>Profesor Julio El\u00edas<\/strong>.<\/p>\n<p style=\"font-weight: 400\">Este curso abarca temas de\u00a0<strong>Teor\u00eda de Precios<\/strong>\u00a0con \u00e9nfasis en aplicaciones y an\u00e1lisis emp\u00edrico.\u00a0Los temas a tratar incluyen:\u00a0<strong>El Enfoque Econ\u00f3mico del Comportamiento Humano<\/strong>\u00a0(\u201cBehavioral Economics\u201d), la Econom\u00eda de las Prohibiciones, el Capital Humano y la Creatividad a lo largo del Ciclo de Vida y la Salud como Capital Humano.\u00a0Se basa en la idea de que el enfoque econ\u00f3mico es una herramienta poderosa que es aplicable a todo comportamiento humano. Como sol\u00eda decir Sherwin Rosen: \u00abuna talla para todos\u00bb.<\/p>\n<p style=\"font-weight: 400\"><strong>Sobre el docente<\/strong><\/p>\n<p style=\"font-weight: 400\">Julio J. Elias es profesor en el Departamento de Econom\u00eda y Escuela de Negocios de la Universidad de CEMA (UCEMA). Tambi\u00e9n es Director Ejecutivo de \u201cJoint Inititiative for Latin American Experimental Economics (JILAEE)\u201d, Director del programa de Maestr\u00eda en Econom\u00eda en UCEMA e Investigador Asociado del Center of Excellence on Human Capital and Economic Growth and Development of the State University of New York at Buffalo. Fue Visiting Fellow del Becker Friedman Institute en la Universidad de Chicago, profesor visitante en la Universidad de Chicago, la Universidad de Western Ontario (Canad\u00e1) y State University of New York at Buffalo. Tambi\u00e9n fue Economista Jefe de BICE (Argentina) y Economista Senior en el Banco Central de Argentina. Obtuvo su licenciatura de la Universidad Di Tella (1996) y su Ph.D. en Econom\u00eda de la Universidad de Chicago (2005). Su investigaci\u00f3n se centra en econom\u00eda de la salud, desarrollo econ\u00f3mico, econom\u00eda de la educaci\u00f3n y econom\u00eda laboral. Su investigaci\u00f3n actual utiliza la econom\u00eda experimental para comprender la econom\u00eda de las \u201ctransacciones controvertidas\u201d.\u00a0Tiene art\u00edculos publicados en American Economic Review, Journal of Economic Perspectives, Plos One.<\/p>\n<p><a href=\"https:\/\/face.unt.edu.ar\/web\/wp-content\/uploads\/2020\/06\/econom\u00eda-compartamiento-humano-face-unt1.jpg\"><img decoding=\"async\" loading=\"lazy\" class=\" wp-image-10514 aligncenter\" src=\"https:\/\/face.unt.edu.ar\/web\/wp-content\/uploads\/2020\/06\/econom\u00eda-compartamiento-humano-face-unt1-300x169.jpg\" alt=\"\" width=\"646\" height=\"364\" srcset=\"https:\/\/face.unt.edu.ar\/web\/wp-content\/uploads\/2020\/06\/econom\u00eda-compartamiento-humano-face-unt1-300x169.jpg 300w, https:\/\/face.unt.edu.ar\/web\/wp-content\/uploads\/2020\/06\/econom\u00eda-compartamiento-humano-face-unt1-1024x576.jpg 1024w, https:\/\/face.unt.edu.ar\/web\/wp-content\/uploads\/2020\/06\/econom\u00eda-compartamiento-humano-face-unt1-768x432.jpg 768w, https:\/\/face.unt.edu.ar\/web\/wp-content\/uploads\/2020\/06\/econom\u00eda-compartamiento-humano-face-unt1-1536x864.jpg 1536w, https:\/\/face.unt.edu.ar\/web\/wp-content\/uploads\/2020\/06\/econom\u00eda-compartamiento-humano-face-unt1-696x392.jpg 696w, https:\/\/face.unt.edu.ar\/web\/wp-content\/uploads\/2020\/06\/econom\u00eda-compartamiento-humano-face-unt1-1392x783.jpg 1392w, https:\/\/face.unt.edu.ar\/web\/wp-content\/uploads\/2020\/06\/econom\u00eda-compartamiento-humano-face-unt1-1068x601.jpg 1068w, https:\/\/face.unt.edu.ar\/web\/wp-content\/uploads\/2020\/06\/econom\u00eda-compartamiento-humano-face-unt1-747x420.jpg 747w, https:\/\/face.unt.edu.ar\/web\/wp-content\/uploads\/2020\/06\/econom\u00eda-compartamiento-humano-face-unt1-1493x840.jpg 1493w, https:\/\/face.unt.edu.ar\/web\/wp-content\/uploads\/2020\/06\/econom\u00eda-compartamiento-humano-face-unt1.jpg 1920w\" sizes=\"(max-width: 646px) 100vw, 646px\" \/><\/a><\/p>\n","protected":false},"excerpt":{"rendered":"<p>Se desarrolla el cursado virtual de la\u00a0Maestr\u00eda en Econom\u00eda, carrera de posgrado que inici\u00f3 este a\u00f1o en nuestra Facultad. Entre otros cursos, actualmente se est\u00e1 dictando la segunda parte del\u00a0curso de Teor\u00eda\u00a0Econ\u00f3mica, a cargo del\u00a0Profesor Julio El\u00edas. Este curso abarca temas de\u00a0Teor\u00eda de Precios\u00a0con \u00e9nfasis en aplicaciones y an\u00e1lisis emp\u00edrico.\u00a0Los temas a tratar incluyen:\u00a0El Enfoque [&hellip;]<\/p>\n","protected":false},"author":2,"featured_media":10513,"comment_status":"open","ping_status":"open","sticky":false,"template":"","format":"standard","meta":{"_et_pb_use_builder":"","_et_pb_old_content":"","_et_gb_content_width":"","footnotes":""},"categories":[4,5],"tags":[430,197],"_links":{"self":[{"href":"https:\/\/face.unt.edu.ar\/web\/wp-json\/wp\/v2\/posts\/10512"}],"collection":[{"href":"https:\/\/face.unt.edu.ar\/web\/wp-json\/wp\/v2\/posts"}],"about":[{"href":"https:\/\/face.unt.edu.ar\/web\/wp-json\/wp\/v2\/types\/post"}],"author":[{"embeddable":true,"href":"https:\/\/face.unt.edu.ar\/web\/wp-json\/wp\/v2\/users\/2"}],"replies":[{"embeddable":true,"href":"https:\/\/face.unt.edu.ar\/web\/wp-json\/wp\/v2\/comments?post=10512"}],"version-history":[{"count":1,"href":"https:\/\/face.unt.edu.ar\/web\/wp-json\/wp\/v2\/posts\/10512\/revisions"}],"predecessor-version":[{"id":10515,"href":"https:\/\/face.unt.edu.ar\/web\/wp-json\/wp\/v2\/posts\/10512\/revisions\/10515"}],"wp:featuredmedia":[{"embeddable":true,"href":"https:\/\/face.unt.edu.ar\/web\/wp-json\/wp\/v2\/media\/10513"}],"wp:attachment":[{"href":"https:\/\/face.unt.edu.ar\/web\/wp-json\/wp\/v2\/media?parent=10512"}],"wp:term":[{"taxonomy":"category","embeddable":true,"href":"https:\/\/face.unt.edu.ar\/web\/wp-json\/wp\/v2\/categories?post=10512"},{"taxonomy":"post_tag","embeddable":true,"href":"https:\/\/face.unt.edu.ar\/web\/wp-json\/wp\/v2\/tags?post=10512"}],"curies":[{"name":"wp","href":"https:\/\/api.w.org\/{rel}","templated":true}]}}