{"id":10560,"date":"2020-07-01T01:35:34","date_gmt":"2020-07-01T01:35:34","guid":{"rendered":"https:\/\/face.unt.edu.ar\/web\/?p=10560"},"modified":"2020-07-01T01:35:34","modified_gmt":"2020-07-01T01:35:34","slug":"reunion-de-discusion-avances-de-la-practica-profesional-de-la-licenciatura-en-administracion-3","status":"publish","type":"post","link":"https:\/\/face.unt.edu.ar\/web\/blog\/reunion-de-discusion-avances-de-la-practica-profesional-de-la-licenciatura-en-administracion-3\/","title":{"rendered":"Reuni\u00f3n de Discusi\u00f3n \u00abAvances de la Pr\u00e1ctica Profesional de la Licenciatura en Administraci\u00f3n"},"content":{"rendered":"<p style=\"font-weight: 400\">En el marco de la\u00a0<strong>Pr\u00e1ctica Profesional de la Licenciatura en Administraci\u00f3n<\/strong>, se realizar\u00e1 una\u00a0<strong>Reuni\u00f3n de Discusi\u00f3n del Instituto de Administraci\u00f3n.\u00a0<\/strong>\u00a0Ser\u00e1 este\u00a0<strong>Mi\u00e9rcoles 01 de Julio de 2020 de 18 a 20 horas\u00a0<\/strong>en forma virtual por la plataforma Zoom.<\/p>\n<p style=\"font-weight: 400\">(<a href=\"https:\/\/us02web.zoom.us\/j\/85988051694?pwd=dlVkMjZUMkxSRW9jVFo0Y0JiT3QrUT09\" target=\"_blank\" rel=\"noopener noreferrer\" data-saferedirecturl=\"https:\/\/www.google.com\/url?q=https:\/\/us02web.zoom.us\/j\/85988051694?pwd%3DdlVkMjZUMkxSRW9jVFo0Y0JiT3QrUT09&amp;source=gmail&amp;ust=1593653184979000&amp;usg=AFQjCNF1WJkOKYudwdvY-lfww33BAKyijw\">https:\/\/us02web.zoom.us\/j\/85988051694?pwd=dlVkMjZUMkxSRW9jVFo0Y0JiT3QrUT09<\/a><\/p>\n<p style=\"font-weight: 400\">ID de reuni\u00f3n: 859 8805 1694 Contrase\u00f1a: reuni\u00f3n)<\/p>\n<p style=\"font-weight: 400\">Se discutir\u00e1n los avances de los siguientes trabajos:<\/p>\n<table style=\"font-weight: 400\" width=\"650\">\n<tbody>\n<tr>\n<td width=\"64\"><strong>Hora<\/strong><\/td>\n<td width=\"586\"><strong>T\u00edtulo del Trabajo<\/strong><\/td>\n<\/tr>\n<tr>\n<td width=\"64\">18:00<\/td>\n<td width=\"586\"><strong>\u201cReorganizaci\u00f3n de procesos en la Direcci\u00f3n Gral. de Recursos Financieros\u201d<\/strong><\/p>\n<p>Alumno: Adra, Sabrina Giselle<\/p>\n<p>Tutor: Assaf, Diego<\/td>\n<\/tr>\n<tr>\n<td width=\"64\">18:30<\/td>\n<td width=\"586\"><strong>Implementaci\u00f3n de Norma ISO 9001 en la Secretaria de Control de Gesti\u00f3n Econ\u00f3mico Financiera de la Facultad de Bioqu\u00edmica Qu\u00edmica y Farmacia\u00a0\u00a0<\/strong><\/p>\n<p>Alumno: Mar\u00eda Julia Del Huerto Silva<\/p>\n<p>Tutor:\u00a0 D\u2019Arterio, Humberto<\/td>\n<\/tr>\n<tr>\n<td width=\"64\">19:00<\/td>\n<td width=\"586\"><strong>Service design aplicado a empresa local.<\/strong><\/p>\n<p>Alumno: Mochon, Gonzalo.<\/p>\n<p>Tutor: Mulki, Esteban David<\/td>\n<\/tr>\n<tr>\n<td width=\"64\">19:30<\/td>\n<td width=\"586\"><strong>Reorganizaci\u00f3n del \u00c1rea de Compras de una importante empresa comercial del Norte Argentino<\/strong><\/p>\n<p>Alumno: Rivero Manganelli, Lourdes Mar\u00eda<\/p>\n<p>Tutor: Assaf, Diego<\/td>\n<\/tr>\n<\/tbody>\n<\/table>\n<p>&nbsp;<\/p>\n<p style=\"font-weight: 400\"><a href=\"https:\/\/drive.google.com\/file\/d\/18pUHu2L9GiZD2Dj4bkb45YLvA0EH7QfB\/view?usp=sharing\" target=\"_blank\" rel=\"noopener noreferrer\"><strong>Ver aqu\u00ed los Res\u00famenes de los Trabajos.<\/strong><\/a><\/p>\n<p style=\"font-weight: 400\">Se invita a participar a\u00a0se invita a docentes, estudiantes y personas interesadas.<\/p>\n<p>&nbsp;<\/p>\n","protected":false},"excerpt":{"rendered":"<p>En el marco de la\u00a0Pr\u00e1ctica Profesional de la Licenciatura en Administraci\u00f3n, se realizar\u00e1 una\u00a0Reuni\u00f3n de Discusi\u00f3n del Instituto de Administraci\u00f3n.\u00a0\u00a0Ser\u00e1 este\u00a0Mi\u00e9rcoles 01 de Julio de 2020 de 18 a 20 horas\u00a0en forma virtual por la plataforma Zoom. (https:\/\/us02web.zoom.us\/j\/85988051694?pwd=dlVkMjZUMkxSRW9jVFo0Y0JiT3QrUT09 ID de reuni\u00f3n: 859 8805 1694 Contrase\u00f1a: reuni\u00f3n) Se discutir\u00e1n los avances de los siguientes trabajos: Hora [&hellip;]<\/p>\n","protected":false},"author":2,"featured_media":8712,"comment_status":"open","ping_status":"open","sticky":false,"template":"","format":"standard","meta":{"_et_pb_use_builder":"","_et_pb_old_content":"","_et_gb_content_width":"","footnotes":""},"categories":[4],"tags":[405,523],"_links":{"self":[{"href":"https:\/\/face.unt.edu.ar\/web\/wp-json\/wp\/v2\/posts\/10560"}],"collection":[{"href":"https:\/\/face.unt.edu.ar\/web\/wp-json\/wp\/v2\/posts"}],"about":[{"href":"https:\/\/face.unt.edu.ar\/web\/wp-json\/wp\/v2\/types\/post"}],"author":[{"embeddable":true,"href":"https:\/\/face.unt.edu.ar\/web\/wp-json\/wp\/v2\/users\/2"}],"replies":[{"embeddable":true,"href":"https:\/\/face.unt.edu.ar\/web\/wp-json\/wp\/v2\/comments?post=10560"}],"version-history":[{"count":1,"href":"https:\/\/face.unt.edu.ar\/web\/wp-json\/wp\/v2\/posts\/10560\/revisions"}],"predecessor-version":[{"id":10561,"href":"https:\/\/face.unt.edu.ar\/web\/wp-json\/wp\/v2\/posts\/10560\/revisions\/10561"}],"wp:featuredmedia":[{"embeddable":true,"href":"https:\/\/face.unt.edu.ar\/web\/wp-json\/wp\/v2\/media\/8712"}],"wp:attachment":[{"href":"https:\/\/face.unt.edu.ar\/web\/wp-json\/wp\/v2\/media?parent=10560"}],"wp:term":[{"taxonomy":"category","embeddable":true,"href":"https:\/\/face.unt.edu.ar\/web\/wp-json\/wp\/v2\/categories?post=10560"},{"taxonomy":"post_tag","embeddable":true,"href":"https:\/\/face.unt.edu.ar\/web\/wp-json\/wp\/v2\/tags?post=10560"}],"curies":[{"name":"wp","href":"https:\/\/api.w.org\/{rel}","templated":true}]}}