{"id":10574,"date":"2020-07-03T12:15:35","date_gmt":"2020-07-03T12:15:35","guid":{"rendered":"https:\/\/face.unt.edu.ar\/web\/?p=10574"},"modified":"2020-07-03T12:49:31","modified_gmt":"2020-07-03T12:49:31","slug":"reunion-de-discusion-avances-de-la-practica-profesional-de-la-licenciatura-en-administracion-4","status":"publish","type":"post","link":"https:\/\/face.unt.edu.ar\/web\/blog\/reunion-de-discusion-avances-de-la-practica-profesional-de-la-licenciatura-en-administracion-4\/","title":{"rendered":"Reuni\u00f3n de Discusi\u00f3n: Avances de la Pr\u00e1ctica Profesional de la Licenciatura en Administraci\u00f3n"},"content":{"rendered":"<p style=\"font-weight: 400\">En el marco de la\u00a0<strong>Pr\u00e1ctica Profesional de la Licenciatura en Administraci\u00f3n<\/strong>, se realizar\u00e1 una\u00a0<strong>Reuni\u00f3n de Discusi\u00f3n\u00a0<\/strong>el\u00a0<strong>mi\u00e9rcoles 08 de julio de 2020, en el horario de 19 a 20 horas, con modalidad virtual<\/strong>\u00a0por la plataforma Zoom. \u00a0(ID de reuni\u00f3n: 859 8805 1694 Contrase\u00f1a: reuni\u00f3n)<\/p>\n<p style=\"font-weight: 400\">Se discutir\u00e1n los avances de los siguientes trabajos:<\/p>\n<table style=\"font-weight: 400\" width=\"650\">\n<tbody>\n<tr>\n<td width=\"64\"><strong>Hora<\/strong><\/td>\n<td width=\"586\"><strong>T\u00edtulo del Trabajo<\/strong><\/td>\n<\/tr>\n<tr>\n<td width=\"64\">19:00<\/td>\n<td width=\"586\"><strong>\u201cImplementaci\u00f3n de Normas ISO 9001:2015 en Procesos de Farmacia de un Hospital P\u00fablico\u201d<\/strong><\/p>\n<p>Alumno: Mart\u00ednez Hynes, Mariana<\/p>\n<p>Tutor: Martos, Mar\u00eda Enriqueta<\/p>\n<p>&nbsp;<\/td>\n<\/tr>\n<tr>\n<td width=\"64\">19:30<\/td>\n<td width=\"586\"><strong>\u201cImplementaci\u00f3n de un nuevo sistema de informaci\u00f3n para una inmobiliaria\u201d<\/strong><\/p>\n<p>Alumno: Land\u00edvar, Mar\u00eda Luc\u00eda<\/p>\n<p>Tutor: Rodr\u00edguez, Mar\u00eda Fernanda<\/p>\n<p>&nbsp;<\/td>\n<\/tr>\n<\/tbody>\n<\/table>\n<p style=\"font-weight: 400\"><strong><a href=\"https:\/\/drive.google.com\/file\/d\/10gJ7ubnulDYCJ2pWSVeBVTGflO5HF-h_\/view?usp=sharing\" target=\"_blank\" rel=\"noopener noreferrer\">Ver Res\u00famenes de los Trabajos \u2013 Clic aqu\u00ed<\/a><\/strong><\/p>\n<p style=\"font-weight: 400\">Pueden participar de la actividad docentes, estudiantes y personas interesadas.<\/p>\n<p style=\"font-weight: 400\"><strong>La reuni\u00f3n es organizada por el Instituto de Administraci\u00f3n.\u00a0<\/strong><\/p>\n","protected":false},"excerpt":{"rendered":"<p>En el marco de la\u00a0Pr\u00e1ctica Profesional de la Licenciatura en Administraci\u00f3n, se realizar\u00e1 una\u00a0Reuni\u00f3n de Discusi\u00f3n\u00a0el\u00a0mi\u00e9rcoles 08 de julio de 2020, en el horario de 19 a 20 horas, con modalidad virtual\u00a0por la plataforma Zoom. \u00a0(ID de reuni\u00f3n: 859 8805 1694 Contrase\u00f1a: reuni\u00f3n) Se discutir\u00e1n los avances de los siguientes trabajos: Hora T\u00edtulo del Trabajo [&hellip;]<\/p>\n","protected":false},"author":2,"featured_media":10580,"comment_status":"open","ping_status":"open","sticky":false,"template":"","format":"standard","meta":{"_et_pb_use_builder":"","_et_pb_old_content":"","_et_gb_content_width":"","footnotes":""},"categories":[4],"tags":[405,523],"_links":{"self":[{"href":"https:\/\/face.unt.edu.ar\/web\/wp-json\/wp\/v2\/posts\/10574"}],"collection":[{"href":"https:\/\/face.unt.edu.ar\/web\/wp-json\/wp\/v2\/posts"}],"about":[{"href":"https:\/\/face.unt.edu.ar\/web\/wp-json\/wp\/v2\/types\/post"}],"author":[{"embeddable":true,"href":"https:\/\/face.unt.edu.ar\/web\/wp-json\/wp\/v2\/users\/2"}],"replies":[{"embeddable":true,"href":"https:\/\/face.unt.edu.ar\/web\/wp-json\/wp\/v2\/comments?post=10574"}],"version-history":[{"count":3,"href":"https:\/\/face.unt.edu.ar\/web\/wp-json\/wp\/v2\/posts\/10574\/revisions"}],"predecessor-version":[{"id":10583,"href":"https:\/\/face.unt.edu.ar\/web\/wp-json\/wp\/v2\/posts\/10574\/revisions\/10583"}],"wp:featuredmedia":[{"embeddable":true,"href":"https:\/\/face.unt.edu.ar\/web\/wp-json\/wp\/v2\/media\/10580"}],"wp:attachment":[{"href":"https:\/\/face.unt.edu.ar\/web\/wp-json\/wp\/v2\/media?parent=10574"}],"wp:term":[{"taxonomy":"category","embeddable":true,"href":"https:\/\/face.unt.edu.ar\/web\/wp-json\/wp\/v2\/categories?post=10574"},{"taxonomy":"post_tag","embeddable":true,"href":"https:\/\/face.unt.edu.ar\/web\/wp-json\/wp\/v2\/tags?post=10574"}],"curies":[{"name":"wp","href":"https:\/\/api.w.org\/{rel}","templated":true}]}}