{"id":1063,"date":"2014-10-24T20:00:47","date_gmt":"2014-10-24T20:00:47","guid":{"rendered":"http:\/\/face.unt.edu.ar\/web\/?p=1063"},"modified":"2014-10-24T20:00:47","modified_gmt":"2014-10-24T20:00:47","slug":"charla-informativa-becas-comision-fulbright","status":"publish","type":"post","link":"https:\/\/face.unt.edu.ar\/web\/blog\/charla-informativa-becas-comision-fulbright\/","title":{"rendered":"Charla Informativa: Becas Comisi\u00f3n Fulbright"},"content":{"rendered":"<p>Ser\u00e1 el pr\u00f3ximo lunes 27 de Octubre a las 10 horas en la Facultad de Educaci\u00f3n F\u00edsica.<!--more--><\/p>\n<p>Desde la FACE informamos a nuestros alumnos que el pr\u00f3ximo lunes 27 de octubre se realizar\u00e1 una CHARLA INFORMATIVA para toda la Comunidad Universitaria de Miembros de la Comisi\u00f3n Fulbright, sobre las distintas becas que se ofrecer\u00e1n. Creemos que es importante que participen. La misma se realizar\u00e1 en la SALA 3 de la Facultad de Educaci\u00f3n F\u00edsica a horas 10.00.<\/p>\n<p><a href=\"http:\/\/face.unt.edu.ar\/web\/wp-content\/uploads\/2014\/10\/Tucuman.jpg\"><img decoding=\"async\" loading=\"lazy\" class=\"alignnone size-medium wp-image-1064\" src=\"http:\/\/face.unt.edu.ar\/web\/wp-content\/uploads\/2014\/10\/Tucuman-300x225.jpg\" alt=\"Tucuman\" width=\"300\" height=\"225\" srcset=\"https:\/\/face.unt.edu.ar\/web\/wp-content\/uploads\/2014\/10\/Tucuman-300x225.jpg 300w, https:\/\/face.unt.edu.ar\/web\/wp-content\/uploads\/2014\/10\/Tucuman-585x440.jpg 585w, https:\/\/face.unt.edu.ar\/web\/wp-content\/uploads\/2014\/10\/Tucuman-230x172.jpg 230w, https:\/\/face.unt.edu.ar\/web\/wp-content\/uploads\/2014\/10\/Tucuman.jpg 960w\" sizes=\"(max-width: 300px) 100vw, 300px\" \/><\/a><\/p>\n","protected":false},"excerpt":{"rendered":"<p>Ser\u00e1 el pr\u00f3ximo lunes 27 de Octubre a las 10 horas en la Facultad de Educaci\u00f3n F\u00edsica.<\/p>\n","protected":false},"author":2,"featured_media":1064,"comment_status":"open","ping_status":"open","sticky":false,"template":"","format":"standard","meta":{"_et_pb_use_builder":"","_et_pb_old_content":"","_et_gb_content_width":"","footnotes":""},"categories":[4],"tags":[],"_links":{"self":[{"href":"https:\/\/face.unt.edu.ar\/web\/wp-json\/wp\/v2\/posts\/1063"}],"collection":[{"href":"https:\/\/face.unt.edu.ar\/web\/wp-json\/wp\/v2\/posts"}],"about":[{"href":"https:\/\/face.unt.edu.ar\/web\/wp-json\/wp\/v2\/types\/post"}],"author":[{"embeddable":true,"href":"https:\/\/face.unt.edu.ar\/web\/wp-json\/wp\/v2\/users\/2"}],"replies":[{"embeddable":true,"href":"https:\/\/face.unt.edu.ar\/web\/wp-json\/wp\/v2\/comments?post=1063"}],"version-history":[{"count":1,"href":"https:\/\/face.unt.edu.ar\/web\/wp-json\/wp\/v2\/posts\/1063\/revisions"}],"predecessor-version":[{"id":1065,"href":"https:\/\/face.unt.edu.ar\/web\/wp-json\/wp\/v2\/posts\/1063\/revisions\/1065"}],"wp:featuredmedia":[{"embeddable":true,"href":"https:\/\/face.unt.edu.ar\/web\/wp-json\/wp\/v2\/media\/1064"}],"wp:attachment":[{"href":"https:\/\/face.unt.edu.ar\/web\/wp-json\/wp\/v2\/media?parent=1063"}],"wp:term":[{"taxonomy":"category","embeddable":true,"href":"https:\/\/face.unt.edu.ar\/web\/wp-json\/wp\/v2\/categories?post=1063"},{"taxonomy":"post_tag","embeddable":true,"href":"https:\/\/face.unt.edu.ar\/web\/wp-json\/wp\/v2\/tags?post=1063"}],"curies":[{"name":"wp","href":"https:\/\/api.w.org\/{rel}","templated":true}]}}