{"id":10713,"date":"2020-08-20T15:25:34","date_gmt":"2020-08-20T15:25:34","guid":{"rendered":"https:\/\/face.unt.edu.ar\/web\/?p=10713"},"modified":"2020-08-20T15:30:29","modified_gmt":"2020-08-20T15:30:29","slug":"el-gobierno-se-suma-al-laboratorio-de-politicas-publicas-de-la-face","status":"publish","type":"post","link":"https:\/\/face.unt.edu.ar\/web\/blog\/el-gobierno-se-suma-al-laboratorio-de-politicas-publicas-de-la-face\/","title":{"rendered":"El Gobierno se suma al laboratorio de pol\u00edticas p\u00fablicas de la FACE"},"content":{"rendered":"<p>Aportar y colaborar en el desarrollo de pol\u00edticas p\u00fablicas que beneficien a la comunidad a trav\u00e9s de un equipo de investigadores, fue el motivo de una reuni\u00f3n que encabez\u00f3 hoy la ministra de Gobierno y Justicia,\u00a0<strong>Carolina Vargas Aignasse<\/strong>, con el decano de la Facultad de Ciencias Econ\u00f3micas,<strong>\u00a0Jos\u00e9 Luis Jim\u00e9nez.<\/strong><\/p>\n<p><a href=\"http:\/\/comunicaciontucuman.gob.ar\/2020\/08\/el-gobierno-se-suma-al-laboratorio-de-politicas-publicas-de-la-face\/\" target=\"_blank\" rel=\"noopener noreferrer\"><strong>Ver informaci\u00f3n completa haciendo clic aqu\u00ed &#8211; Sitio de la Secretar\u00eda de Estado de Comunicaci\u00f3n P\u00fablica del Gobierno de Tucum\u00e1n.\u00a0<\/strong><\/a><\/p>\n","protected":false},"excerpt":{"rendered":"<p>Aportar y colaborar en el desarrollo de pol\u00edticas p\u00fablicas que beneficien a la comunidad a trav\u00e9s de un equipo de investigadores, fue el motivo de una reuni\u00f3n que encabez\u00f3 hoy la ministra de Gobierno y Justicia,\u00a0Carolina Vargas Aignasse, con el decano de la Facultad de Ciencias Econ\u00f3micas,\u00a0Jos\u00e9 Luis Jim\u00e9nez. Ver informaci\u00f3n completa haciendo clic aqu\u00ed [&hellip;]<\/p>\n","protected":false},"author":2,"featured_media":10717,"comment_status":"open","ping_status":"open","sticky":false,"template":"","format":"standard","meta":{"_et_pb_use_builder":"","_et_pb_old_content":"","_et_gb_content_width":"","footnotes":""},"categories":[11],"tags":[434,386,658],"_links":{"self":[{"href":"https:\/\/face.unt.edu.ar\/web\/wp-json\/wp\/v2\/posts\/10713"}],"collection":[{"href":"https:\/\/face.unt.edu.ar\/web\/wp-json\/wp\/v2\/posts"}],"about":[{"href":"https:\/\/face.unt.edu.ar\/web\/wp-json\/wp\/v2\/types\/post"}],"author":[{"embeddable":true,"href":"https:\/\/face.unt.edu.ar\/web\/wp-json\/wp\/v2\/users\/2"}],"replies":[{"embeddable":true,"href":"https:\/\/face.unt.edu.ar\/web\/wp-json\/wp\/v2\/comments?post=10713"}],"version-history":[{"count":1,"href":"https:\/\/face.unt.edu.ar\/web\/wp-json\/wp\/v2\/posts\/10713\/revisions"}],"predecessor-version":[{"id":10714,"href":"https:\/\/face.unt.edu.ar\/web\/wp-json\/wp\/v2\/posts\/10713\/revisions\/10714"}],"wp:featuredmedia":[{"embeddable":true,"href":"https:\/\/face.unt.edu.ar\/web\/wp-json\/wp\/v2\/media\/10717"}],"wp:attachment":[{"href":"https:\/\/face.unt.edu.ar\/web\/wp-json\/wp\/v2\/media?parent=10713"}],"wp:term":[{"taxonomy":"category","embeddable":true,"href":"https:\/\/face.unt.edu.ar\/web\/wp-json\/wp\/v2\/categories?post=10713"},{"taxonomy":"post_tag","embeddable":true,"href":"https:\/\/face.unt.edu.ar\/web\/wp-json\/wp\/v2\/tags?post=10713"}],"curies":[{"name":"wp","href":"https:\/\/api.w.org\/{rel}","templated":true}]}}