{"id":10721,"date":"2020-08-20T16:45:38","date_gmt":"2020-08-20T16:45:38","guid":{"rendered":"https:\/\/face.unt.edu.ar\/web\/?p=10721"},"modified":"2020-08-20T16:45:38","modified_gmt":"2020-08-20T16:45:38","slug":"se-creo-el-laboratorio-de-politicas-publicas-de-la-facultad-de-ciencias-economicas","status":"publish","type":"post","link":"https:\/\/face.unt.edu.ar\/web\/blog\/se-creo-el-laboratorio-de-politicas-publicas-de-la-facultad-de-ciencias-economicas\/","title":{"rendered":"Se cre\u00f3 el Laboratorio de Pol\u00edticas P\u00fablicas de la Facultad de Ciencias Econ\u00f3micas"},"content":{"rendered":"<p style=\"font-weight: 400\">En la sesi\u00f3n del Consejo Directivo del mi\u00e9rcoles 12 de agosto de este a\u00f1o, fue aprobada la creaci\u00f3n del <strong>Laboratorio de Pol\u00edticas P\u00fablicas<\/strong> de nuestra Facultad. El mismo busca recoger la producci\u00f3n investigativa de este \u00e1mbito acad\u00e9mico y lograr su aplicaci\u00f3n en la realidad local y regional.<\/p>\n<p style=\"font-weight: 400\">La conducci\u00f3n del Laboratorio est\u00e1 integrada por tres docentes de esta Casa de Altos Estudios: la <strong>Lic. Florencia Correa Deza<\/strong>, el<strong> Mg. Alejandro Danon<\/strong> y el <strong>Lic. Andr\u00e9s Mena<\/strong>.<\/p>\n<p style=\"font-weight: 400\">La idea de que la Facultad de Ciencias Econ\u00f3micas de la UNT tenga una usina de pensamiento, que sea capaz de <strong>generar pol\u00edticas p\u00fablicas que puedan ser aplicables a la realidad local y regional<\/strong>, surgi\u00f3 en agosto de 2019, momento en el que comenzaron a trazarse los lineamientos iniciales. La idea se retom\u00f3 este a\u00f1o, ya que se vio la necesidad de pensar en pol\u00edticas p\u00fablicas aplicables a la situaci\u00f3n actual y a la pos pandemia.<\/p>\n<p style=\"font-weight: 400\">La Lic. Florencia Correa Deza coment\u00f3 que \u201cpensando en estos or\u00edgenes del a\u00f1o pasado, comenzamos a trabajar en los lineamientos, el gran objetivo de este Laboratorio, los objetivos espec\u00edficos y la din\u00e1mica de trabajo que tendremos para ponerlo en marcha\u201d.<\/p>\n<p style=\"font-weight: 400\">En este sentido, el pasado viernes tuvo lugar un encuentro con la Ministra de Gobierno y Justicia, <strong>Dra. Carolina Vargas Aignasse<\/strong>, del que participaron el Decano de la Facultad, <strong>Mg. Jos\u00e9 Luis Jim\u00e9nez<\/strong>; la <strong>Vicedecana, Mg. Liliana Pacheco<\/strong>; el secretario de Extensi\u00f3n y Relaciones Institucionales, <strong>Cr. Ariel Apichela<\/strong>, la Directora Ejecutiva del Laboratorio, Lic. Florencia Correa Deza y el Director de la Escuela de Gobierno, <strong>Lic. Jos\u00e9 Mar\u00eda Rogero<\/strong>.<\/p>\n<p style=\"font-weight: 400\">La Lic. Correa Deza explic\u00f3 que esta reuni\u00f3n se enmarca dentro de uno de los objetivos que tiene el Laboratorio: \u201cel planteo con el que iniciamos a trabajar es poder generar pol\u00edticas p\u00fablicas sobre una base cient\u00edfica, es decir, con arraigo en investigaci\u00f3n cient\u00edfica y que sea transferible a la sociedad y perfectamente aplicable en nuestra realidad local y regional. Para esto, debe responder a una demanda concreta. Nosotros entendemos que parte de esa demanda concreta debe provenir de nuestro Estado provincial\u201d. A lo que agreg\u00f3: \u201cla reuni\u00f3n con la Ministra tiene que ver con esa idea de incorporar, dentro de la gobernanza de este Laboratorio, a determinados funcionarios que puedan representar los intereses de nuestro Estado, que en definitiva son los intereses del ciudadano. Entonces, incorporar a la dimensi\u00f3n de la gesti\u00f3n pol\u00edtica dentro del Laboratorio, tiene que ver con tener representada a la demanda en la gobernanza. No para tomar decisiones, sino para ir marc\u00e1ndonos el horizonte hacia donde podr\u00eda dirigirse el accionar de este Laboratorio\u201d.<\/p>\n<p style=\"font-weight: 400\">Respecto de los temas que abordar\u00e1 esta usina, la Lic. Correa Deza coment\u00f3 que se apunta a tem\u00e1ticas muy diversas, pero dijo que, sobre todo, la intenci\u00f3n es que este Laboratorio exprese la tradici\u00f3n investigativa de la Facultad y de la Universidad.<\/p>\n<p style=\"font-weight: 400\">\u201cNosotros estamos en una Universidad que lo que pretende es ejercer una acci\u00f3n sobre la realidad regional y justamente eso es lo que queremos en este Laboratorio, que las investigaciones que est\u00e1n insertas en la Facultad puedan aplicarse\u201d, concluy\u00f3.<\/p>\n<p style=\"font-weight: 400\">\n","protected":false},"excerpt":{"rendered":"<p>En la sesi\u00f3n del Consejo Directivo del mi\u00e9rcoles 12 de agosto de este a\u00f1o, fue aprobada la creaci\u00f3n del Laboratorio de Pol\u00edticas P\u00fablicas de nuestra Facultad. El mismo busca recoger la producci\u00f3n investigativa de este \u00e1mbito acad\u00e9mico y lograr su aplicaci\u00f3n en la realidad local y regional. La conducci\u00f3n del Laboratorio est\u00e1 integrada por tres [&hellip;]<\/p>\n","protected":false},"author":2,"featured_media":10722,"comment_status":"open","ping_status":"open","sticky":false,"template":"","format":"standard","meta":{"_et_pb_use_builder":"","_et_pb_old_content":"","_et_gb_content_width":"","footnotes":""},"categories":[4],"tags":[660,661,659,658],"_links":{"self":[{"href":"https:\/\/face.unt.edu.ar\/web\/wp-json\/wp\/v2\/posts\/10721"}],"collection":[{"href":"https:\/\/face.unt.edu.ar\/web\/wp-json\/wp\/v2\/posts"}],"about":[{"href":"https:\/\/face.unt.edu.ar\/web\/wp-json\/wp\/v2\/types\/post"}],"author":[{"embeddable":true,"href":"https:\/\/face.unt.edu.ar\/web\/wp-json\/wp\/v2\/users\/2"}],"replies":[{"embeddable":true,"href":"https:\/\/face.unt.edu.ar\/web\/wp-json\/wp\/v2\/comments?post=10721"}],"version-history":[{"count":1,"href":"https:\/\/face.unt.edu.ar\/web\/wp-json\/wp\/v2\/posts\/10721\/revisions"}],"predecessor-version":[{"id":10723,"href":"https:\/\/face.unt.edu.ar\/web\/wp-json\/wp\/v2\/posts\/10721\/revisions\/10723"}],"wp:featuredmedia":[{"embeddable":true,"href":"https:\/\/face.unt.edu.ar\/web\/wp-json\/wp\/v2\/media\/10722"}],"wp:attachment":[{"href":"https:\/\/face.unt.edu.ar\/web\/wp-json\/wp\/v2\/media?parent=10721"}],"wp:term":[{"taxonomy":"category","embeddable":true,"href":"https:\/\/face.unt.edu.ar\/web\/wp-json\/wp\/v2\/categories?post=10721"},{"taxonomy":"post_tag","embeddable":true,"href":"https:\/\/face.unt.edu.ar\/web\/wp-json\/wp\/v2\/tags?post=10721"}],"curies":[{"name":"wp","href":"https:\/\/api.w.org\/{rel}","templated":true}]}}