{"id":10876,"date":"2020-10-05T19:15:30","date_gmt":"2020-10-05T19:15:30","guid":{"rendered":"https:\/\/face.unt.edu.ar\/web\/?p=10876"},"modified":"2020-10-05T19:15:30","modified_gmt":"2020-10-05T19:15:30","slug":"se-firmo-el-convenio-con-anses-y-pami-para-brindar-capacitaciones-a-adultos-mayores","status":"publish","type":"post","link":"https:\/\/face.unt.edu.ar\/web\/blog\/se-firmo-el-convenio-con-anses-y-pami-para-brindar-capacitaciones-a-adultos-mayores\/","title":{"rendered":"Se firm\u00f3 el convenio con ANSES y PAMI para brindar capacitaciones a adultos mayores"},"content":{"rendered":"<p style=\"font-weight: 400\">En el D\u00eda del Adulto Mayor (01 de octubre), en el Sal\u00f3n Blanco de Casa de Gobierno, se firm\u00f3 un convenio de cooperaci\u00f3n entre la <strong>Facultad de Ciencias Econ\u00f3micas, la Facultad de Filosof\u00eda y Letras de la Universidad Nacional de Tucum\u00e1n (UNT), ANSES UDAI Tucum\u00e1n y PAMI Tucum\u00e1n<\/strong>, a trav\u00e9s del cual se implementar\u00e1n <strong>acciones conjuntas de capacitaci\u00f3n destinadas, principalmente, a Adultos Mayores<\/strong>.<\/p>\n<p style=\"font-weight: 400\"><strong>El acto estuvo encabezado por el Gobernador de la Provincia de Tucum\u00e1n, Dr. Juan Manzur<\/strong> y estuvieron presentes autoridades de los distintos organismos que participan en el proyecto. Adem\u00e1s, adultos mayores presenciaron el acto v\u00eda Zoom.<\/p>\n<p style=\"font-weight: 400\">En la r\u00fabrica participaron, <strong>Enrique Salvatierra<\/strong>, titular de ANSES Tucum\u00e1n, el <strong>Dr. Cesar El\u00edas Dip<\/strong>, Director Ejecutivo de PAMI Tucum\u00e1n, el <strong>Mg. Jos\u00e9 Luis A. Jim\u00e9nez<\/strong>, Decano de nuestra Facultad y el <strong>Mg. Santiago Rex Bliss<\/strong>, Vicedecano a cargo del Decanato de la Facultad de Filosof\u00eda y Letras.<\/p>\n<p><a href=\"https:\/\/face.unt.edu.ar\/web\/wp-content\/uploads\/2020\/10\/P13200111.jpg\"><img decoding=\"async\" loading=\"lazy\" class=\"wp-image-10881 aligncenter\" src=\"https:\/\/face.unt.edu.ar\/web\/wp-content\/uploads\/2020\/10\/P13200111-300x225.jpg\" alt=\"\" width=\"463\" height=\"347\" srcset=\"https:\/\/face.unt.edu.ar\/web\/wp-content\/uploads\/2020\/10\/P13200111-300x225.jpg 300w, https:\/\/face.unt.edu.ar\/web\/wp-content\/uploads\/2020\/10\/P13200111-768x576.jpg 768w, https:\/\/face.unt.edu.ar\/web\/wp-content\/uploads\/2020\/10\/P13200111-80x60.jpg 80w, https:\/\/face.unt.edu.ar\/web\/wp-content\/uploads\/2020\/10\/P13200111-160x120.jpg 160w, https:\/\/face.unt.edu.ar\/web\/wp-content\/uploads\/2020\/10\/P13200111-265x198.jpg 265w, https:\/\/face.unt.edu.ar\/web\/wp-content\/uploads\/2020\/10\/P13200111-530x396.jpg 530w, https:\/\/face.unt.edu.ar\/web\/wp-content\/uploads\/2020\/10\/P13200111-696x522.jpg 696w, https:\/\/face.unt.edu.ar\/web\/wp-content\/uploads\/2020\/10\/P13200111-560x420.jpg 560w, https:\/\/face.unt.edu.ar\/web\/wp-content\/uploads\/2020\/10\/P13200111.jpg 1000w\" sizes=\"(max-width: 463px) 100vw, 463px\" \/><\/a><\/p>\n<p style=\"font-weight: 400\">El <strong>Programa de Extensi\u00f3n \u201cInclusi\u00f3n Digital y Financiera para adultos mayores\u201d<\/strong> tiene como prop\u00f3sito brindar educaci\u00f3n sobre estas \u00e1reas tem\u00e1ticas, con la intenci\u00f3n de contribuir con la alfabetizaci\u00f3n digital del segmento de la poblaci\u00f3n de la tercera y cuarta edad, generando nuevas propuestas de formaci\u00f3n, que se implementar\u00e1n a partir de distintos talleres.<\/p>\n<p style=\"font-weight: 400\">El Gobernador Juan Manzur celebr\u00f3 esta iniciativa: \u201cYo creo que esta es la conjunci\u00f3n de toda una pol\u00edtica de Estado, que tiene que ver con el \u00e1mbito acad\u00e9mico, la Universidad, que tiene que ver con el Gobierno Nacional representado a trav\u00e9s de sus distintas \u00e1reas y el Gobierno de la Provincia\u2026 Esto es fant\u00e1stico, porque cada uno de los adultos mayores desde sus casas, podr\u00e1n tomar las clases, seguir las instrucciones, hacer consultas y realizar diferentes tipos de actividades, sin salir de sus casas. Esto es central en el marco de esta pandemia, porque una de las recomendaciones que hay a nivel mundial es disminuir la circulaci\u00f3n de las personas y mucho m\u00e1s si est\u00e1n dentro de los grupos de riesgo. Esta es una herramienta m\u00e1s que se suma en esta direcci\u00f3n\u201d.<\/p>\n<p style=\"font-weight: 400\">\u201cEste es un programa de Inclusi\u00f3n Digital y Educaci\u00f3n Financiera para los Adultos Mayores, que va a facilitar que nuestros jubilados desde sus hogares, puedan realizar las distintas operaciones de sus finanzas personales y no exponerse a salir a las entidades financieras. Para nosotros es muy importante educar en estas tem\u00e1ticas a nuestros jubilados\u201d, manifest\u00f3 el Decano, Mg. Jos\u00e9 Luis Jim\u00e9nez, quien agreg\u00f3 que el trabajo conjunto entre Universidad y Estado es fundamental para el bienestar de la sociedad.<\/p>\n<p><a href=\"https:\/\/face.unt.edu.ar\/web\/wp-content\/uploads\/2020\/10\/P13200321.jpg\"><img decoding=\"async\" loading=\"lazy\" class=\" wp-image-10882 aligncenter\" src=\"https:\/\/face.unt.edu.ar\/web\/wp-content\/uploads\/2020\/10\/P13200321-300x169.jpg\" alt=\"\" width=\"509\" height=\"287\" srcset=\"https:\/\/face.unt.edu.ar\/web\/wp-content\/uploads\/2020\/10\/P13200321-300x169.jpg 300w, https:\/\/face.unt.edu.ar\/web\/wp-content\/uploads\/2020\/10\/P13200321-768x432.jpg 768w, https:\/\/face.unt.edu.ar\/web\/wp-content\/uploads\/2020\/10\/P13200321-696x392.jpg 696w, https:\/\/face.unt.edu.ar\/web\/wp-content\/uploads\/2020\/10\/P13200321-746x420.jpg 746w, https:\/\/face.unt.edu.ar\/web\/wp-content\/uploads\/2020\/10\/P13200321.jpg 1000w\" sizes=\"(max-width: 509px) 100vw, 509px\" \/><\/a><\/p>\n<p style=\"font-weight: 400\">\u201cEs una forma de llevar una herramienta de trabajo para que los adultos mayores puedan sobrellevar este momento, donde tiene que estar el Estado de una u otra manera. En este caso pudimos articular entre la Universidad Nacional de Tucum\u00e1n, con sus dos Facultades y el Estado Provincial, a trav\u00e9s del Ministerio de Desarrollo Social, ANSES, PAMI y ENACOM. Para nosotros es una alegr\u00eda muy grande que hoy podamos compartir esto\u201d, expres\u00f3 Enrique Salvatierra.<\/p>\n<p style=\"font-weight: 400\">Cabe destacar que tambi\u00e9n asistieron al acto el Ministro de Desarrollo Social de la Provincia, Dr. Gabriel Yedlin, la Directora ejecutiva del Instituto Nacional de Formaci\u00f3n Docente, Dra. Mercedes Leal, el Secretario de Extensi\u00f3n Universitaria de la UNT, Lic. Marcelo Mirkin, el Secretario de Extensi\u00f3n y Relaciones Institucionales de nuestra Facultad, Cr. Ariel Apichela, el Gerente Regional de ANSES, Jes\u00fas Salim, el Diputado Nacional Mario Leito, entre otros funcionarios provinciales.<\/p>\n<p><a href=\"https:\/\/face.unt.edu.ar\/web\/wp-content\/uploads\/2020\/10\/P13200361.jpg\"><img decoding=\"async\" loading=\"lazy\" class=\"alignnone size-medium wp-image-10883\" src=\"https:\/\/face.unt.edu.ar\/web\/wp-content\/uploads\/2020\/10\/P13200361-300x225.jpg\" alt=\"\" width=\"300\" height=\"225\" srcset=\"https:\/\/face.unt.edu.ar\/web\/wp-content\/uploads\/2020\/10\/P13200361-300x225.jpg 300w, https:\/\/face.unt.edu.ar\/web\/wp-content\/uploads\/2020\/10\/P13200361-768x576.jpg 768w, https:\/\/face.unt.edu.ar\/web\/wp-content\/uploads\/2020\/10\/P13200361-80x60.jpg 80w, https:\/\/face.unt.edu.ar\/web\/wp-content\/uploads\/2020\/10\/P13200361-160x120.jpg 160w, https:\/\/face.unt.edu.ar\/web\/wp-content\/uploads\/2020\/10\/P13200361-265x198.jpg 265w, https:\/\/face.unt.edu.ar\/web\/wp-content\/uploads\/2020\/10\/P13200361-530x396.jpg 530w, https:\/\/face.unt.edu.ar\/web\/wp-content\/uploads\/2020\/10\/P13200361-696x522.jpg 696w, https:\/\/face.unt.edu.ar\/web\/wp-content\/uploads\/2020\/10\/P13200361-560x420.jpg 560w, https:\/\/face.unt.edu.ar\/web\/wp-content\/uploads\/2020\/10\/P13200361.jpg 1000w\" sizes=\"(max-width: 300px) 100vw, 300px\" \/><\/a><a href=\"https:\/\/face.unt.edu.ar\/web\/wp-content\/uploads\/2020\/10\/P13200531.jpg\"><img decoding=\"async\" loading=\"lazy\" class=\"alignnone size-medium wp-image-10886\" src=\"https:\/\/face.unt.edu.ar\/web\/wp-content\/uploads\/2020\/10\/P13200531-300x225.jpg\" alt=\"\" width=\"300\" height=\"225\" srcset=\"https:\/\/face.unt.edu.ar\/web\/wp-content\/uploads\/2020\/10\/P13200531-300x225.jpg 300w, https:\/\/face.unt.edu.ar\/web\/wp-content\/uploads\/2020\/10\/P13200531-768x576.jpg 768w, https:\/\/face.unt.edu.ar\/web\/wp-content\/uploads\/2020\/10\/P13200531-80x60.jpg 80w, https:\/\/face.unt.edu.ar\/web\/wp-content\/uploads\/2020\/10\/P13200531-160x120.jpg 160w, https:\/\/face.unt.edu.ar\/web\/wp-content\/uploads\/2020\/10\/P13200531-265x198.jpg 265w, https:\/\/face.unt.edu.ar\/web\/wp-content\/uploads\/2020\/10\/P13200531-530x396.jpg 530w, https:\/\/face.unt.edu.ar\/web\/wp-content\/uploads\/2020\/10\/P13200531-696x522.jpg 696w, https:\/\/face.unt.edu.ar\/web\/wp-content\/uploads\/2020\/10\/P13200531-560x420.jpg 560w, https:\/\/face.unt.edu.ar\/web\/wp-content\/uploads\/2020\/10\/P13200531.jpg 1000w\" sizes=\"(max-width: 300px) 100vw, 300px\" \/><\/a><\/p>\n<p><a href=\"https:\/\/face.unt.edu.ar\/web\/wp-content\/uploads\/2020\/10\/P13200411.jpg\"><img decoding=\"async\" loading=\"lazy\" class=\"alignnone size-medium wp-image-10884\" src=\"https:\/\/face.unt.edu.ar\/web\/wp-content\/uploads\/2020\/10\/P13200411-300x225.jpg\" alt=\"\" width=\"300\" height=\"225\" srcset=\"https:\/\/face.unt.edu.ar\/web\/wp-content\/uploads\/2020\/10\/P13200411-300x225.jpg 300w, https:\/\/face.unt.edu.ar\/web\/wp-content\/uploads\/2020\/10\/P13200411-768x576.jpg 768w, https:\/\/face.unt.edu.ar\/web\/wp-content\/uploads\/2020\/10\/P13200411-80x60.jpg 80w, https:\/\/face.unt.edu.ar\/web\/wp-content\/uploads\/2020\/10\/P13200411-160x120.jpg 160w, https:\/\/face.unt.edu.ar\/web\/wp-content\/uploads\/2020\/10\/P13200411-265x198.jpg 265w, https:\/\/face.unt.edu.ar\/web\/wp-content\/uploads\/2020\/10\/P13200411-530x396.jpg 530w, https:\/\/face.unt.edu.ar\/web\/wp-content\/uploads\/2020\/10\/P13200411-696x522.jpg 696w, https:\/\/face.unt.edu.ar\/web\/wp-content\/uploads\/2020\/10\/P13200411-560x420.jpg 560w, https:\/\/face.unt.edu.ar\/web\/wp-content\/uploads\/2020\/10\/P13200411.jpg 1000w\" sizes=\"(max-width: 300px) 100vw, 300px\" \/><\/a><a href=\"https:\/\/face.unt.edu.ar\/web\/wp-content\/uploads\/2020\/10\/P13200451.jpg\"><img decoding=\"async\" loading=\"lazy\" class=\"alignnone size-medium wp-image-10885\" src=\"https:\/\/face.unt.edu.ar\/web\/wp-content\/uploads\/2020\/10\/P13200451-300x225.jpg\" alt=\"\" width=\"300\" height=\"225\" srcset=\"https:\/\/face.unt.edu.ar\/web\/wp-content\/uploads\/2020\/10\/P13200451-300x225.jpg 300w, https:\/\/face.unt.edu.ar\/web\/wp-content\/uploads\/2020\/10\/P13200451-768x576.jpg 768w, https:\/\/face.unt.edu.ar\/web\/wp-content\/uploads\/2020\/10\/P13200451-80x60.jpg 80w, https:\/\/face.unt.edu.ar\/web\/wp-content\/uploads\/2020\/10\/P13200451-160x120.jpg 160w, https:\/\/face.unt.edu.ar\/web\/wp-content\/uploads\/2020\/10\/P13200451-265x198.jpg 265w, https:\/\/face.unt.edu.ar\/web\/wp-content\/uploads\/2020\/10\/P13200451-530x396.jpg 530w, https:\/\/face.unt.edu.ar\/web\/wp-content\/uploads\/2020\/10\/P13200451-696x522.jpg 696w, https:\/\/face.unt.edu.ar\/web\/wp-content\/uploads\/2020\/10\/P13200451-560x420.jpg 560w, https:\/\/face.unt.edu.ar\/web\/wp-content\/uploads\/2020\/10\/P13200451.jpg 1000w\" sizes=\"(max-width: 300px) 100vw, 300px\" \/><\/a><\/p>\n<p style=\"font-weight: 400\"><strong><a href=\"https:\/\/www.facebook.com\/pg\/faceunt\/photos\/?tab=album&amp;album_id=1699055326929988\" target=\"_blank\" rel=\"noopener noreferrer\">Ver m\u00e1s fotos &#8211; Clic aqu\u00ed\u00a0<\/a><\/strong><\/p>\n","protected":false},"excerpt":{"rendered":"<p>En el D\u00eda del Adulto Mayor (01 de octubre), en el Sal\u00f3n Blanco de Casa de Gobierno, se firm\u00f3 un convenio de cooperaci\u00f3n entre la Facultad de Ciencias Econ\u00f3micas, la Facultad de Filosof\u00eda y Letras de la Universidad Nacional de Tucum\u00e1n (UNT), ANSES UDAI Tucum\u00e1n y PAMI Tucum\u00e1n, a trav\u00e9s del cual se implementar\u00e1n acciones [&hellip;]<\/p>\n","protected":false},"author":2,"featured_media":10880,"comment_status":"open","ping_status":"open","sticky":false,"template":"","format":"standard","meta":{"_et_pb_use_builder":"","_et_pb_old_content":"","_et_gb_content_width":"","footnotes":""},"categories":[4],"tags":[572,375,556,146],"_links":{"self":[{"href":"https:\/\/face.unt.edu.ar\/web\/wp-json\/wp\/v2\/posts\/10876"}],"collection":[{"href":"https:\/\/face.unt.edu.ar\/web\/wp-json\/wp\/v2\/posts"}],"about":[{"href":"https:\/\/face.unt.edu.ar\/web\/wp-json\/wp\/v2\/types\/post"}],"author":[{"embeddable":true,"href":"https:\/\/face.unt.edu.ar\/web\/wp-json\/wp\/v2\/users\/2"}],"replies":[{"embeddable":true,"href":"https:\/\/face.unt.edu.ar\/web\/wp-json\/wp\/v2\/comments?post=10876"}],"version-history":[{"count":6,"href":"https:\/\/face.unt.edu.ar\/web\/wp-json\/wp\/v2\/posts\/10876\/revisions"}],"predecessor-version":[{"id":10897,"href":"https:\/\/face.unt.edu.ar\/web\/wp-json\/wp\/v2\/posts\/10876\/revisions\/10897"}],"wp:featuredmedia":[{"embeddable":true,"href":"https:\/\/face.unt.edu.ar\/web\/wp-json\/wp\/v2\/media\/10880"}],"wp:attachment":[{"href":"https:\/\/face.unt.edu.ar\/web\/wp-json\/wp\/v2\/media?parent=10876"}],"wp:term":[{"taxonomy":"category","embeddable":true,"href":"https:\/\/face.unt.edu.ar\/web\/wp-json\/wp\/v2\/categories?post=10876"},{"taxonomy":"post_tag","embeddable":true,"href":"https:\/\/face.unt.edu.ar\/web\/wp-json\/wp\/v2\/tags?post=10876"}],"curies":[{"name":"wp","href":"https:\/\/api.w.org\/{rel}","templated":true}]}}