{"id":11015,"date":"2020-11-06T12:58:18","date_gmt":"2020-11-06T12:58:18","guid":{"rendered":"https:\/\/face.unt.edu.ar\/web\/?p=11015"},"modified":"2020-11-06T12:58:18","modified_gmt":"2020-11-06T12:58:18","slug":"taller-de-pedagogia-evaluacion-por-objetivos-en-tiempos-de-pandemia","status":"publish","type":"post","link":"https:\/\/face.unt.edu.ar\/web\/blog\/taller-de-pedagogia-evaluacion-por-objetivos-en-tiempos-de-pandemia\/","title":{"rendered":"Taller de Pedagog\u00eda: \u201cEvaluaci\u00f3n por objetivos en tiempos de Pandemia\u201d"},"content":{"rendered":"<p>Se dictar\u00e1 el\u00a0<strong><span class=\"il\">Taller<\/span>\u00a0de\u00a0<span class=\"il\">Pedagog\u00eda<\/span>\u00a0\u201cEvaluaci\u00f3n por objetivos en tiempos de Pandemia\u201d<\/strong>. El mismo se desarrollar\u00e1 los\u00a0<strong>martes 10 y 17 de noviembre<\/strong>\u00a0de 2020, en el horario de\u00a0<strong>19:00 a 20:30<\/strong>\u00a0horas.<\/p>\n<p>Estar\u00e1 a cargo de la\u00a0<strong>Prof. Ana Torres<\/strong>, Profesora en Ciencias de la Educaci\u00f3n e integrante del Gabinete Psicopedag\u00f3gico de nuestra Facultad.<\/p>\n<p>El\u00a0<span class=\"il\">Taller<\/span>\u00a0se cursar\u00e1 con\u00a0<strong>modalidad virtual<\/strong>\u00a0a trav\u00e9s de la plataforma\u00a0<strong>Google Meet y el Aula Virtual \u201c<span class=\"il\">Talleres<\/span>\u00a0de Formaci\u00f3n\u00a0<span class=\"il\">Pedag\u00f3gica<\/span>\u201d de EaD UNT<\/strong>.<\/p>\n<p>Est\u00e1\u00a0<strong>destinado a Equipos Docentes de C\u00e1tedras de la FACE UNT<\/strong>. Cabe destacar que, al finalizar el\u00a0<span class=\"il\">Taller<\/span>, los asistentes deber\u00e1n realizar un trabajo final.<\/p>\n<p>Requiere inscripci\u00f3n previa online, la cual se realiza online a trav\u00e9s del siguiente formulario:\u00a0<strong><a href=\"https:\/\/docs.google.com\/forms\/d\/e\/1FAIpQLSez3cPQwxLtROcS2SuyEvwizDTkkr6L_Irj9ZfTgdntRKwrlQ\/viewform\" target=\"_blank\" rel=\"noopener noreferrer\" data-saferedirecturl=\"https:\/\/www.google.com\/url?q=http:\/\/64104.clicks.dattanet.com\/track\/click?u%3D2412173%26p%3D36343130343a3938323a3835383a303a323a30%26s%3Dbdb89201707600de49e620cbbe175060%26m%3D11078&amp;source=gmail&amp;ust=1604749719897000&amp;usg=AFQjCNHdsTVvuM6M7fbFwTnKwOQ1dGbziQ\">https:\/\/forms.gle\/XtQ33gmAoCvKj2Nt6<\/a><\/strong><\/p>\n<p>El\u00a0<span class=\"il\">Taller<\/span>\u00a0es\u00a0<strong>gratuito<\/strong>. Tiene\u00a0<strong>cupo<\/strong>\u00a0<strong>limitado para 30 (treinta) participantes.<\/strong><\/p>\n<p>La actividad se realiza con el objetivo de actualizar conceptos y metodolog\u00edas en torno a la evaluaci\u00f3n de los aprendizajes en la Universidad por objetivos o metas SMART en tiempos de Pandemia.<\/p>\n<p>A partir de las necesidades de innovaci\u00f3n y aprendizaje continuo sobre evaluaci\u00f3n por objetivos, desde un posicionamiento de observaci\u00f3n y reconocimiento por las experiencias personales y acad\u00e9micas previas, se ofrecer\u00e1n estos dos encuentros como espacios de reflexi\u00f3n sobre la propia pr\u00e1ctica de evaluaci\u00f3n y aprendizaje en tiempos de pandemia. Se abordar\u00e1 una s\u00edntesis de material te\u00f3rico y se propondr\u00e1n algunas estrategias que permitan llevar lo estudiado a la pr\u00e1ctica.<\/p>\n<p><strong>Contenidos<\/strong><\/p>\n<p>&#8211; Eje I: Enfoques y funciones de la Evaluaci\u00f3n de los Aprendizajes en la Universidad en tiempos de Pandemia &#8211; Enfoques actuales de Evaluaci\u00f3n de los Aprendizajes en la Universidad: Evaluaci\u00f3n inicial, de proceso y final.<\/p>\n<p>&#8211; Eje II: Planificaci\u00f3n de la Evaluaci\u00f3n en la Universidad en tiempos de Pandemia &#8211; Evaluaci\u00f3n por \u201cmetas SMART\u201d. &#8211; Preguntas claves de la Evaluaci\u00f3n: \u00bfqu\u00e9 se eval\u00faa, qui\u00e9n, para qu\u00e9, c\u00f3mo y qu\u00e9 hacer con los resultados de evaluaci\u00f3n? &#8211; Las TIC en la Evaluaci\u00f3n de los Aprendizajes a Distancia en la Universidad.<\/p>\n","protected":false},"excerpt":{"rendered":"<p>Se dictar\u00e1 el\u00a0Taller\u00a0de\u00a0Pedagog\u00eda\u00a0\u201cEvaluaci\u00f3n por objetivos en tiempos de Pandemia\u201d. El mismo se desarrollar\u00e1 los\u00a0martes 10 y 17 de noviembre\u00a0de 2020, en el horario de\u00a019:00 a 20:30\u00a0horas. Estar\u00e1 a cargo de la\u00a0Prof. Ana Torres, Profesora en Ciencias de la Educaci\u00f3n e integrante del Gabinete Psicopedag\u00f3gico de nuestra Facultad. El\u00a0Taller\u00a0se cursar\u00e1 con\u00a0modalidad virtual\u00a0a trav\u00e9s de la plataforma\u00a0Google [&hellip;]<\/p>\n","protected":false},"author":2,"featured_media":11016,"comment_status":"open","ping_status":"open","sticky":false,"template":"","format":"standard","meta":{"_et_pb_use_builder":"","_et_pb_old_content":"","_et_gb_content_width":"","footnotes":""},"categories":[4],"tags":[710,585,709,708],"_links":{"self":[{"href":"https:\/\/face.unt.edu.ar\/web\/wp-json\/wp\/v2\/posts\/11015"}],"collection":[{"href":"https:\/\/face.unt.edu.ar\/web\/wp-json\/wp\/v2\/posts"}],"about":[{"href":"https:\/\/face.unt.edu.ar\/web\/wp-json\/wp\/v2\/types\/post"}],"author":[{"embeddable":true,"href":"https:\/\/face.unt.edu.ar\/web\/wp-json\/wp\/v2\/users\/2"}],"replies":[{"embeddable":true,"href":"https:\/\/face.unt.edu.ar\/web\/wp-json\/wp\/v2\/comments?post=11015"}],"version-history":[{"count":1,"href":"https:\/\/face.unt.edu.ar\/web\/wp-json\/wp\/v2\/posts\/11015\/revisions"}],"predecessor-version":[{"id":11017,"href":"https:\/\/face.unt.edu.ar\/web\/wp-json\/wp\/v2\/posts\/11015\/revisions\/11017"}],"wp:featuredmedia":[{"embeddable":true,"href":"https:\/\/face.unt.edu.ar\/web\/wp-json\/wp\/v2\/media\/11016"}],"wp:attachment":[{"href":"https:\/\/face.unt.edu.ar\/web\/wp-json\/wp\/v2\/media?parent=11015"}],"wp:term":[{"taxonomy":"category","embeddable":true,"href":"https:\/\/face.unt.edu.ar\/web\/wp-json\/wp\/v2\/categories?post=11015"},{"taxonomy":"post_tag","embeddable":true,"href":"https:\/\/face.unt.edu.ar\/web\/wp-json\/wp\/v2\/tags?post=11015"}],"curies":[{"name":"wp","href":"https:\/\/api.w.org\/{rel}","templated":true}]}}