{"id":11062,"date":"2020-11-19T12:39:31","date_gmt":"2020-11-19T12:39:31","guid":{"rendered":"https:\/\/face.unt.edu.ar\/web\/?p=11062"},"modified":"2020-11-19T12:42:37","modified_gmt":"2020-11-19T12:42:37","slug":"nuestra-facultad-continua-buscando-soluciones-para-que-todos-los-alumnos-puedan-continuar-con-sus-estudios","status":"publish","type":"post","link":"https:\/\/face.unt.edu.ar\/web\/blog\/nuestra-facultad-continua-buscando-soluciones-para-que-todos-los-alumnos-puedan-continuar-con-sus-estudios\/","title":{"rendered":"Nuestra Facultad contin\u00faa buscando soluciones para que todos los alumnos puedan continuar con sus estudios"},"content":{"rendered":"<p style=\"font-weight: 400\">En la ma\u00f1ana de ayer mi\u00e9rcoles 18 de noviembre, se llev\u00f3 a cabo la <strong>firma de un Acta Acuerdo entre la Municipalidad de Banda del R\u00edo Sal\u00ed y la Facultad de Ciencias Econ\u00f3micas<\/strong>\u00a0de la Universidad Nacional de Tucum\u00e1n.<\/p>\n<p style=\"font-weight: 400\">En la r\u00fabrica, la Municipalidad estuvo representada por el\u00a0<strong>Intendente Dar\u00edo Monteros<\/strong>\u00a0y la Facultad por el\u00a0<strong>Decano Mg. Jos\u00e9 Luis Jim\u00e9nez<\/strong>.<\/p>\n<p style=\"font-weight: 400\">El Mg. Jim\u00e9nez explic\u00f3 que el objetivo de este acuerdo es\u00a0<strong>posibilitar a los estudiantes de las distintas carreras de nuestra unidad acad\u00e9mica, el acceso a conectividad\u00a0<\/strong>en alg\u00fan espacio f\u00edsico brindado por la Municipalidad de Banda del R\u00edo Sal\u00ed, de manera tal que puedan tomar sus clases y\/o rendir los ex\u00e1menes parciales y finales o libres, actividades que se est\u00e1n desarrollando de manera virtual, con motivo de la actual situaci\u00f3n sanitaria.<\/p>\n<p style=\"font-weight: 400\">Cabe destacar que ambas Instituciones realizan este acuerdo con la\u00a0<strong>intenci\u00f3n de brindar inclusi\u00f3n a un grupo de estudiantes\u00a0<\/strong>que ven vulneradas sus posibilidades de continuar normalmente su carrera al no disponer de conectividad propia o bien, la que disponen, es deficiente.<\/p>\n<p style=\"font-weight: 400\">\u201cVamos a seguir trabajando desde la Facultad por la Inclusi\u00f3n de nuestros estudiantes\u201d, dijo el Decano.<\/p>\n<p><img decoding=\"async\" loading=\"lazy\" class=\"alignnone size-medium wp-image-11064\" src=\"https:\/\/face.unt.edu.ar\/web\/wp-content\/uploads\/2020\/11\/face-unt-municipio-banda-del-rio-sali-1-300x225.jpeg\" alt=\"\" width=\"300\" height=\"225\" srcset=\"https:\/\/face.unt.edu.ar\/web\/wp-content\/uploads\/2020\/11\/face-unt-municipio-banda-del-rio-sali-1-300x225.jpeg 300w, https:\/\/face.unt.edu.ar\/web\/wp-content\/uploads\/2020\/11\/face-unt-municipio-banda-del-rio-sali-1-1024x768.jpeg 1024w, https:\/\/face.unt.edu.ar\/web\/wp-content\/uploads\/2020\/11\/face-unt-municipio-banda-del-rio-sali-1-768x576.jpeg 768w, https:\/\/face.unt.edu.ar\/web\/wp-content\/uploads\/2020\/11\/face-unt-municipio-banda-del-rio-sali-1-80x60.jpeg 80w, https:\/\/face.unt.edu.ar\/web\/wp-content\/uploads\/2020\/11\/face-unt-municipio-banda-del-rio-sali-1-160x120.jpeg 160w, https:\/\/face.unt.edu.ar\/web\/wp-content\/uploads\/2020\/11\/face-unt-municipio-banda-del-rio-sali-1-265x198.jpeg 265w, https:\/\/face.unt.edu.ar\/web\/wp-content\/uploads\/2020\/11\/face-unt-municipio-banda-del-rio-sali-1-530x396.jpeg 530w, https:\/\/face.unt.edu.ar\/web\/wp-content\/uploads\/2020\/11\/face-unt-municipio-banda-del-rio-sali-1-696x522.jpeg 696w, https:\/\/face.unt.edu.ar\/web\/wp-content\/uploads\/2020\/11\/face-unt-municipio-banda-del-rio-sali-1-1068x801.jpeg 1068w, https:\/\/face.unt.edu.ar\/web\/wp-content\/uploads\/2020\/11\/face-unt-municipio-banda-del-rio-sali-1-560x420.jpeg 560w, https:\/\/face.unt.edu.ar\/web\/wp-content\/uploads\/2020\/11\/face-unt-municipio-banda-del-rio-sali-1-1120x840.jpeg 1120w, https:\/\/face.unt.edu.ar\/web\/wp-content\/uploads\/2020\/11\/face-unt-municipio-banda-del-rio-sali-1.jpeg 1280w\" sizes=\"(max-width: 300px) 100vw, 300px\" \/> <img decoding=\"async\" loading=\"lazy\" class=\"alignnone size-medium wp-image-11065\" src=\"https:\/\/face.unt.edu.ar\/web\/wp-content\/uploads\/2020\/11\/face-unt-municipio-banda-del-rio-sali-2-300x225.jpeg\" alt=\"\" width=\"300\" height=\"225\" srcset=\"https:\/\/face.unt.edu.ar\/web\/wp-content\/uploads\/2020\/11\/face-unt-municipio-banda-del-rio-sali-2-300x225.jpeg 300w, https:\/\/face.unt.edu.ar\/web\/wp-content\/uploads\/2020\/11\/face-unt-municipio-banda-del-rio-sali-2-1024x768.jpeg 1024w, https:\/\/face.unt.edu.ar\/web\/wp-content\/uploads\/2020\/11\/face-unt-municipio-banda-del-rio-sali-2-768x576.jpeg 768w, https:\/\/face.unt.edu.ar\/web\/wp-content\/uploads\/2020\/11\/face-unt-municipio-banda-del-rio-sali-2-80x60.jpeg 80w, https:\/\/face.unt.edu.ar\/web\/wp-content\/uploads\/2020\/11\/face-unt-municipio-banda-del-rio-sali-2-160x120.jpeg 160w, https:\/\/face.unt.edu.ar\/web\/wp-content\/uploads\/2020\/11\/face-unt-municipio-banda-del-rio-sali-2-265x198.jpeg 265w, https:\/\/face.unt.edu.ar\/web\/wp-content\/uploads\/2020\/11\/face-unt-municipio-banda-del-rio-sali-2-530x396.jpeg 530w, https:\/\/face.unt.edu.ar\/web\/wp-content\/uploads\/2020\/11\/face-unt-municipio-banda-del-rio-sali-2-696x522.jpeg 696w, https:\/\/face.unt.edu.ar\/web\/wp-content\/uploads\/2020\/11\/face-unt-municipio-banda-del-rio-sali-2-1068x801.jpeg 1068w, https:\/\/face.unt.edu.ar\/web\/wp-content\/uploads\/2020\/11\/face-unt-municipio-banda-del-rio-sali-2-560x420.jpeg 560w, https:\/\/face.unt.edu.ar\/web\/wp-content\/uploads\/2020\/11\/face-unt-municipio-banda-del-rio-sali-2-1120x840.jpeg 1120w, https:\/\/face.unt.edu.ar\/web\/wp-content\/uploads\/2020\/11\/face-unt-municipio-banda-del-rio-sali-2.jpeg 1280w\" sizes=\"(max-width: 300px) 100vw, 300px\" \/> <img decoding=\"async\" loading=\"lazy\" class=\"alignnone size-medium wp-image-11066\" src=\"https:\/\/face.unt.edu.ar\/web\/wp-content\/uploads\/2020\/11\/face-unt-municipio-banda-del-rio-sali-3-300x225.jpeg\" alt=\"\" width=\"300\" height=\"225\" srcset=\"https:\/\/face.unt.edu.ar\/web\/wp-content\/uploads\/2020\/11\/face-unt-municipio-banda-del-rio-sali-3-300x225.jpeg 300w, https:\/\/face.unt.edu.ar\/web\/wp-content\/uploads\/2020\/11\/face-unt-municipio-banda-del-rio-sali-3-1024x768.jpeg 1024w, https:\/\/face.unt.edu.ar\/web\/wp-content\/uploads\/2020\/11\/face-unt-municipio-banda-del-rio-sali-3-768x576.jpeg 768w, https:\/\/face.unt.edu.ar\/web\/wp-content\/uploads\/2020\/11\/face-unt-municipio-banda-del-rio-sali-3-80x60.jpeg 80w, https:\/\/face.unt.edu.ar\/web\/wp-content\/uploads\/2020\/11\/face-unt-municipio-banda-del-rio-sali-3-160x120.jpeg 160w, https:\/\/face.unt.edu.ar\/web\/wp-content\/uploads\/2020\/11\/face-unt-municipio-banda-del-rio-sali-3-265x198.jpeg 265w, https:\/\/face.unt.edu.ar\/web\/wp-content\/uploads\/2020\/11\/face-unt-municipio-banda-del-rio-sali-3-530x396.jpeg 530w, https:\/\/face.unt.edu.ar\/web\/wp-content\/uploads\/2020\/11\/face-unt-municipio-banda-del-rio-sali-3-696x522.jpeg 696w, https:\/\/face.unt.edu.ar\/web\/wp-content\/uploads\/2020\/11\/face-unt-municipio-banda-del-rio-sali-3-1068x801.jpeg 1068w, https:\/\/face.unt.edu.ar\/web\/wp-content\/uploads\/2020\/11\/face-unt-municipio-banda-del-rio-sali-3-560x420.jpeg 560w, https:\/\/face.unt.edu.ar\/web\/wp-content\/uploads\/2020\/11\/face-unt-municipio-banda-del-rio-sali-3-1120x840.jpeg 1120w, https:\/\/face.unt.edu.ar\/web\/wp-content\/uploads\/2020\/11\/face-unt-municipio-banda-del-rio-sali-3.jpeg 1280w\" sizes=\"(max-width: 300px) 100vw, 300px\" \/> <img decoding=\"async\" loading=\"lazy\" class=\"alignnone size-medium wp-image-11067\" src=\"https:\/\/face.unt.edu.ar\/web\/wp-content\/uploads\/2020\/11\/face-unt-municipio-banda-del-rio-sali-225x300.jpeg\" alt=\"\" width=\"225\" height=\"300\" srcset=\"https:\/\/face.unt.edu.ar\/web\/wp-content\/uploads\/2020\/11\/face-unt-municipio-banda-del-rio-sali-225x300.jpeg 225w, https:\/\/face.unt.edu.ar\/web\/wp-content\/uploads\/2020\/11\/face-unt-municipio-banda-del-rio-sali-768x1024.jpeg 768w, https:\/\/face.unt.edu.ar\/web\/wp-content\/uploads\/2020\/11\/face-unt-municipio-banda-del-rio-sali-696x928.jpeg 696w, https:\/\/face.unt.edu.ar\/web\/wp-content\/uploads\/2020\/11\/face-unt-municipio-banda-del-rio-sali-315x420.jpeg 315w, https:\/\/face.unt.edu.ar\/web\/wp-content\/uploads\/2020\/11\/face-unt-municipio-banda-del-rio-sali-630x840.jpeg 630w, https:\/\/face.unt.edu.ar\/web\/wp-content\/uploads\/2020\/11\/face-unt-municipio-banda-del-rio-sali.jpeg 960w\" sizes=\"(max-width: 225px) 100vw, 225px\" \/><\/p>\n","protected":false},"excerpt":{"rendered":"<p>En la ma\u00f1ana de ayer mi\u00e9rcoles 18 de noviembre, se llev\u00f3 a cabo la firma de un Acta Acuerdo entre la Municipalidad de Banda del R\u00edo Sal\u00ed y la Facultad de Ciencias Econ\u00f3micas\u00a0de la Universidad Nacional de Tucum\u00e1n. En la r\u00fabrica, la Municipalidad estuvo representada por el\u00a0Intendente Dar\u00edo Monteros\u00a0y la Facultad por el\u00a0Decano Mg. Jos\u00e9 [&hellip;]<\/p>\n","protected":false},"author":2,"featured_media":11063,"comment_status":"open","ping_status":"open","sticky":false,"template":"","format":"standard","meta":{"_et_pb_use_builder":"","_et_pb_old_content":"","_et_gb_content_width":"","footnotes":""},"categories":[4],"tags":[724,723,577,24],"_links":{"self":[{"href":"https:\/\/face.unt.edu.ar\/web\/wp-json\/wp\/v2\/posts\/11062"}],"collection":[{"href":"https:\/\/face.unt.edu.ar\/web\/wp-json\/wp\/v2\/posts"}],"about":[{"href":"https:\/\/face.unt.edu.ar\/web\/wp-json\/wp\/v2\/types\/post"}],"author":[{"embeddable":true,"href":"https:\/\/face.unt.edu.ar\/web\/wp-json\/wp\/v2\/users\/2"}],"replies":[{"embeddable":true,"href":"https:\/\/face.unt.edu.ar\/web\/wp-json\/wp\/v2\/comments?post=11062"}],"version-history":[{"count":2,"href":"https:\/\/face.unt.edu.ar\/web\/wp-json\/wp\/v2\/posts\/11062\/revisions"}],"predecessor-version":[{"id":11069,"href":"https:\/\/face.unt.edu.ar\/web\/wp-json\/wp\/v2\/posts\/11062\/revisions\/11069"}],"wp:featuredmedia":[{"embeddable":true,"href":"https:\/\/face.unt.edu.ar\/web\/wp-json\/wp\/v2\/media\/11063"}],"wp:attachment":[{"href":"https:\/\/face.unt.edu.ar\/web\/wp-json\/wp\/v2\/media?parent=11062"}],"wp:term":[{"taxonomy":"category","embeddable":true,"href":"https:\/\/face.unt.edu.ar\/web\/wp-json\/wp\/v2\/categories?post=11062"},{"taxonomy":"post_tag","embeddable":true,"href":"https:\/\/face.unt.edu.ar\/web\/wp-json\/wp\/v2\/tags?post=11062"}],"curies":[{"name":"wp","href":"https:\/\/api.w.org\/{rel}","templated":true}]}}