{"id":11220,"date":"2020-12-16T14:31:46","date_gmt":"2020-12-16T14:31:46","guid":{"rendered":"https:\/\/face.unt.edu.ar\/web\/?p=11220"},"modified":"2020-12-16T14:31:46","modified_gmt":"2020-12-16T14:31:46","slug":"se-realizo-el-primer-encuentro-virtual-de-jovenes-investigadores-de-la-face-unt","status":"publish","type":"post","link":"https:\/\/face.unt.edu.ar\/web\/blog\/se-realizo-el-primer-encuentro-virtual-de-jovenes-investigadores-de-la-face-unt\/","title":{"rendered":"Se realiz\u00f3 el Primer Encuentro (Virtual) de J\u00f3venes Investigadores de la FACE-UNT"},"content":{"rendered":"<p>El 27 de noviembre de este a\u00f1o, tuvo lugar el <strong>Primer Encuentro (Virtual) de J\u00f3venes Investigadores<\/strong> de nuestra Facultad.<\/p>\n<p>El mismo fue ideado con el objetivo\u00a0<strong>de promover y consolidar un espacio de intercambio, reflexi\u00f3n y difusi\u00f3n de la actividad cient\u00edfica<\/strong>\u00a0entre los\u00a0investigadores\u00a0j\u00f3venes\u00a0de nuestra instituci\u00f3n, abierto a la participaci\u00f3n de\u00a0investigadores\u00a0y docentes con m\u00e1s trayectoria y el p\u00fablico en general.<\/p>\n<p>El encuentro consisti\u00f3 en:<\/p>\n<p>&#8211;\u00a0\u00a0\u00a0Difusi\u00f3n de compilado de las presentaciones de los participantes a trav\u00e9s de los canales oficiales de la FACE.<\/p>\n<p>&#8211;\u00a0\u00a0\u00a0Espacio de di\u00e1logo sincr\u00f3nico con los\u00a0j\u00f3venes\u00a0investigadores, a trav\u00e9s de Google Meet.<\/p>\n<p>En esta edici\u00f3n, se presentaron siete trabajos desarrollados en el marco de becas del Consejo de Investigaciones de la UNT (CIUNT), del Consejo Interuniversitario Nacional (CIN) y de elaboraci\u00f3n de tesis de grado de las carreras de la Unidad Acad\u00e9mica.<\/p>\n<p><strong><a href=\"https:\/\/view.genial.ly\/5fc120e0cdfa8c79f0cad828\/horizontal-infographic-review-primer-encuentro-ji-face-unt\" target=\"_blank\" rel=\"noopener\">El compilado de los trabajos est\u00e1 disponible online \u2013 Pueden verlo haciendo clic aqu\u00ed<\/a><\/strong><\/p>\n","protected":false},"excerpt":{"rendered":"<p>El 27 de noviembre de este a\u00f1o, tuvo lugar el Primer Encuentro (Virtual) de J\u00f3venes Investigadores de nuestra Facultad. El mismo fue ideado con el objetivo\u00a0de promover y consolidar un espacio de intercambio, reflexi\u00f3n y difusi\u00f3n de la actividad cient\u00edfica\u00a0entre los\u00a0investigadores\u00a0j\u00f3venes\u00a0de nuestra instituci\u00f3n, abierto a la participaci\u00f3n de\u00a0investigadores\u00a0y docentes con m\u00e1s trayectoria y el p\u00fablico [&hellip;]<\/p>\n","protected":false},"author":2,"featured_media":11221,"comment_status":"open","ping_status":"open","sticky":false,"template":"","format":"standard","meta":{"_et_pb_use_builder":"","_et_pb_old_content":"","_et_gb_content_width":"","footnotes":""},"categories":[4,2],"tags":[374,742],"_links":{"self":[{"href":"https:\/\/face.unt.edu.ar\/web\/wp-json\/wp\/v2\/posts\/11220"}],"collection":[{"href":"https:\/\/face.unt.edu.ar\/web\/wp-json\/wp\/v2\/posts"}],"about":[{"href":"https:\/\/face.unt.edu.ar\/web\/wp-json\/wp\/v2\/types\/post"}],"author":[{"embeddable":true,"href":"https:\/\/face.unt.edu.ar\/web\/wp-json\/wp\/v2\/users\/2"}],"replies":[{"embeddable":true,"href":"https:\/\/face.unt.edu.ar\/web\/wp-json\/wp\/v2\/comments?post=11220"}],"version-history":[{"count":1,"href":"https:\/\/face.unt.edu.ar\/web\/wp-json\/wp\/v2\/posts\/11220\/revisions"}],"predecessor-version":[{"id":11222,"href":"https:\/\/face.unt.edu.ar\/web\/wp-json\/wp\/v2\/posts\/11220\/revisions\/11222"}],"wp:featuredmedia":[{"embeddable":true,"href":"https:\/\/face.unt.edu.ar\/web\/wp-json\/wp\/v2\/media\/11221"}],"wp:attachment":[{"href":"https:\/\/face.unt.edu.ar\/web\/wp-json\/wp\/v2\/media?parent=11220"}],"wp:term":[{"taxonomy":"category","embeddable":true,"href":"https:\/\/face.unt.edu.ar\/web\/wp-json\/wp\/v2\/categories?post=11220"},{"taxonomy":"post_tag","embeddable":true,"href":"https:\/\/face.unt.edu.ar\/web\/wp-json\/wp\/v2\/tags?post=11220"}],"curies":[{"name":"wp","href":"https:\/\/api.w.org\/{rel}","templated":true}]}}