{"id":11602,"date":"2021-04-14T23:06:37","date_gmt":"2021-04-14T23:06:37","guid":{"rendered":"https:\/\/face.unt.edu.ar\/web\/?p=11602"},"modified":"2021-04-14T23:06:37","modified_gmt":"2021-04-14T23:06:37","slug":"seguimos-trabajando-por-la-inclusion-de-los-estudiantes-de-la-universidad","status":"publish","type":"post","link":"https:\/\/face.unt.edu.ar\/web\/blog\/seguimos-trabajando-por-la-inclusion-de-los-estudiantes-de-la-universidad\/","title":{"rendered":"Seguimos trabajando por la inclusi\u00f3n de los estudiantes de la Universidad"},"content":{"rendered":"<p>La propuesta se hace extensiva a estudiantes de otras carreras de la Universidad.<\/p>\n<p>En el marco de los <strong>Convenios que la Facultad de Ciencias Econ\u00f3micas de la UNT<\/strong> firm\u00f3 con las Municipalidades de <strong>Aguilares, Banda del R\u00edo Sal\u00ed, Bella Vista, Famaill\u00e1, Lules, Monteros, San Miguel de Tucum\u00e1n, Taf\u00ed Viejo y Yerba Buena<\/strong>, los <strong>estudiantes de las distintas Facultades de la Universidad Nacional de Tucum\u00e1n, <\/strong>con problemas de conectividad, podr\u00e1n asistir a rendir sus<strong> ex\u00e1menes y a tomar sus clases virtuales en los lugares habilitados por cada Municipio para tal fin<\/strong>.<\/p>\n<p>Tambi\u00e9n hemos incorporado el <strong>nuevo Laboratorio Gamma de nuestra Facultad<\/strong>, que se encuentra<strong> equipado con Computadoras con c\u00e1maras y micr\u00f3fonos<\/strong>.<br \/>\nDe esta manera estamos contribuyendo a la verdadera inclusi\u00f3n de los estudiantes de nuestra Universidad, ante el contexto de virtualidad que estamos atravesando.<\/p>\n<p>A continuaci\u00f3n, ponemos a disposici\u00f3n el<strong> formulario de inscripci\u00f3n<\/strong> en el que deber\u00e1n anotarse quienes necesiten utilizar dichas instalaciones:<strong>\u00a0<a href=\"https:\/\/forms.gle\/n1RRusb9k7GoUdbv7\" target=\"_blank\" rel=\"noopener noreferrer\" data-saferedirecturl=\"https:\/\/www.google.com\/url?q=https:\/\/forms.gle\/n1RRusb9k7GoUdbv7&amp;source=gmail&amp;ust=1618527349687000&amp;usg=AFQjCNEyYU1uNulE7_CQikOz97PWGEDD6A\">https:\/\/forms.gle\/n1RRusb9k7GoUdbv7<\/a><\/strong><\/p>\n<p>Luego de completarlo, los inscriptos recibir\u00e1n en su correo electr\u00f3nico, las indicaciones para presentarse en el lugar indicado.<\/p>\n<p>En caso de anotarse en el formulario y no poder asistir, rogamos informar a\u00a0<strong><a href=\"mailto:sbe@face.unt.edu.ar\" target=\"_blank\" rel=\"noopener\">sbe@face.unt.edu.ar<\/a><\/strong>, con al menos 24 horas de anticipaci\u00f3n.<\/p>\n","protected":false},"excerpt":{"rendered":"<p>La propuesta se hace extensiva a estudiantes de otras carreras de la Universidad. En el marco de los Convenios que la Facultad de Ciencias Econ\u00f3micas de la UNT firm\u00f3 con las Municipalidades de Aguilares, Banda del R\u00edo Sal\u00ed, Bella Vista, Famaill\u00e1, Lules, Monteros, San Miguel de Tucum\u00e1n, Taf\u00ed Viejo y Yerba Buena, los estudiantes de [&hellip;]<\/p>\n","protected":false},"author":2,"featured_media":11603,"comment_status":"open","ping_status":"open","sticky":false,"template":"","format":"standard","meta":{"_et_pb_use_builder":"","_et_pb_old_content":"","_et_gb_content_width":"","footnotes":""},"categories":[4],"tags":[],"_links":{"self":[{"href":"https:\/\/face.unt.edu.ar\/web\/wp-json\/wp\/v2\/posts\/11602"}],"collection":[{"href":"https:\/\/face.unt.edu.ar\/web\/wp-json\/wp\/v2\/posts"}],"about":[{"href":"https:\/\/face.unt.edu.ar\/web\/wp-json\/wp\/v2\/types\/post"}],"author":[{"embeddable":true,"href":"https:\/\/face.unt.edu.ar\/web\/wp-json\/wp\/v2\/users\/2"}],"replies":[{"embeddable":true,"href":"https:\/\/face.unt.edu.ar\/web\/wp-json\/wp\/v2\/comments?post=11602"}],"version-history":[{"count":1,"href":"https:\/\/face.unt.edu.ar\/web\/wp-json\/wp\/v2\/posts\/11602\/revisions"}],"predecessor-version":[{"id":11604,"href":"https:\/\/face.unt.edu.ar\/web\/wp-json\/wp\/v2\/posts\/11602\/revisions\/11604"}],"wp:featuredmedia":[{"embeddable":true,"href":"https:\/\/face.unt.edu.ar\/web\/wp-json\/wp\/v2\/media\/11603"}],"wp:attachment":[{"href":"https:\/\/face.unt.edu.ar\/web\/wp-json\/wp\/v2\/media?parent=11602"}],"wp:term":[{"taxonomy":"category","embeddable":true,"href":"https:\/\/face.unt.edu.ar\/web\/wp-json\/wp\/v2\/categories?post=11602"},{"taxonomy":"post_tag","embeddable":true,"href":"https:\/\/face.unt.edu.ar\/web\/wp-json\/wp\/v2\/tags?post=11602"}],"curies":[{"name":"wp","href":"https:\/\/api.w.org\/{rel}","templated":true}]}}