{"id":11635,"date":"2021-04-23T14:12:33","date_gmt":"2021-04-23T14:12:33","guid":{"rendered":"https:\/\/face.unt.edu.ar\/web\/?p=11635"},"modified":"2021-04-23T14:12:33","modified_gmt":"2021-04-23T14:12:33","slug":"lamentamos-el-fallecimiento-del-profesor-dr-manuel-luis-cordomi","status":"publish","type":"post","link":"https:\/\/face.unt.edu.ar\/web\/blog\/lamentamos-el-fallecimiento-del-profesor-dr-manuel-luis-cordomi\/","title":{"rendered":"Lamentamos el Fallecimiento del Profesor Dr. Manuel Luis Cordom\u00ed"},"content":{"rendered":"<p>Con gran pesar la Facultad de Ciencias Econ\u00f3micas de la UNT informa a la comunidad el\u00a0<strong>fallecimiento de nuestro querido Profesor, Dr. Manuel Luis Cordom\u00ed<\/strong>, quien fuera Docente de nuestra Casa de Estudios. Acompa\u00f1amos a la familia y elevamos una oraci\u00f3n por el eterno descanso de su alma.<\/p>\n<p>El Dr. Manuel Luis Cordom\u00ed fue\u00a0<strong>Profesor Em\u00e9rito de la Universidad Nacional de Tucum\u00e1n.<\/strong>\u00a0Doctor en Ciencias Econ\u00f3micas &#8211; UNT &#8211; 1957. Ph.D. in Economics &#8211; Chicago University &#8211; 1962. Es uno de los primeros egresados de la Facultad de Ciencias Econ\u00f3micas, integr\u00f3 la primera promoci\u00f3n de graduados de esta Casa de Estudios. Fue el primer egresado de nuestra Facultad que estuvo en la Universidad de Chicago. Es reconocido por su gran trayectoria acad\u00e9mica, como docente e investigador. Referente de generaciones de economistas. Estudioso de la econom\u00eda.<\/p>\n<p>La Facultad de Ciencias Econ\u00f3micas participa su profundo dolor por esta lamentable p\u00e9rdida.<\/p>\n<p>El\u00a0<strong>lunes 26 de abril la Facultad permanecer\u00e1 cerrada por duelo<\/strong>. Todas las\u00a0<strong>actividades administrativas y acad\u00e9micas<\/strong>\u00a0estar\u00e1n\u00a0<strong>suspendidas<em>.\u00a0\u00a0<\/em><\/strong><\/p>\n","protected":false},"excerpt":{"rendered":"<p>Con gran pesar la Facultad de Ciencias Econ\u00f3micas de la UNT informa a la comunidad el\u00a0fallecimiento de nuestro querido Profesor, Dr. Manuel Luis Cordom\u00ed, quien fuera Docente de nuestra Casa de Estudios. Acompa\u00f1amos a la familia y elevamos una oraci\u00f3n por el eterno descanso de su alma. El Dr. Manuel Luis Cordom\u00ed fue\u00a0Profesor Em\u00e9rito de [&hellip;]<\/p>\n","protected":false},"author":2,"featured_media":11636,"comment_status":"open","ping_status":"open","sticky":false,"template":"","format":"standard","meta":{"_et_pb_use_builder":"","_et_pb_old_content":"","_et_gb_content_width":"","footnotes":""},"categories":[4],"tags":[761],"_links":{"self":[{"href":"https:\/\/face.unt.edu.ar\/web\/wp-json\/wp\/v2\/posts\/11635"}],"collection":[{"href":"https:\/\/face.unt.edu.ar\/web\/wp-json\/wp\/v2\/posts"}],"about":[{"href":"https:\/\/face.unt.edu.ar\/web\/wp-json\/wp\/v2\/types\/post"}],"author":[{"embeddable":true,"href":"https:\/\/face.unt.edu.ar\/web\/wp-json\/wp\/v2\/users\/2"}],"replies":[{"embeddable":true,"href":"https:\/\/face.unt.edu.ar\/web\/wp-json\/wp\/v2\/comments?post=11635"}],"version-history":[{"count":1,"href":"https:\/\/face.unt.edu.ar\/web\/wp-json\/wp\/v2\/posts\/11635\/revisions"}],"predecessor-version":[{"id":11637,"href":"https:\/\/face.unt.edu.ar\/web\/wp-json\/wp\/v2\/posts\/11635\/revisions\/11637"}],"wp:featuredmedia":[{"embeddable":true,"href":"https:\/\/face.unt.edu.ar\/web\/wp-json\/wp\/v2\/media\/11636"}],"wp:attachment":[{"href":"https:\/\/face.unt.edu.ar\/web\/wp-json\/wp\/v2\/media?parent=11635"}],"wp:term":[{"taxonomy":"category","embeddable":true,"href":"https:\/\/face.unt.edu.ar\/web\/wp-json\/wp\/v2\/categories?post=11635"},{"taxonomy":"post_tag","embeddable":true,"href":"https:\/\/face.unt.edu.ar\/web\/wp-json\/wp\/v2\/tags?post=11635"}],"curies":[{"name":"wp","href":"https:\/\/api.w.org\/{rel}","templated":true}]}}