{"id":11736,"date":"2021-05-07T14:33:44","date_gmt":"2021-05-07T14:33:44","guid":{"rendered":"https:\/\/face.unt.edu.ar\/web\/?p=11736"},"modified":"2021-05-07T14:36:50","modified_gmt":"2021-05-07T14:36:50","slug":"inicio-el-ciclo-de-capacitaciones-enmarcadas-en-la-ley-micaela-en-nuestra-facultad","status":"publish","type":"post","link":"https:\/\/face.unt.edu.ar\/web\/blog\/inicio-el-ciclo-de-capacitaciones-enmarcadas-en-la-ley-micaela-en-nuestra-facultad\/","title":{"rendered":"Inici\u00f3 el ciclo de capacitaciones enmarcadas en la Ley Micaela en nuestra Facultad"},"content":{"rendered":"<p>El pasado jueves, iniciaron las <strong>Jornadas online de Capacitaci\u00f3n<\/strong> que se dictan en la <strong>Facultad de Ciencias Econ\u00f3micas de la UNT<\/strong>, en el marco de la <strong>Ley Micaela. <\/strong><\/p>\n<p>Las mismas est\u00e1n a cargo de la <strong>Dra. Erica Brunotto<\/strong>, secretaria de Derechos Humanos y Justicia, del Ministerio de Gobierno y Justicia de la Provincia.<\/p>\n<p>La Dra. Brunotto explic\u00f3 que durante 4 jornadas, se desarrollaran tem\u00e1ticas relacionadas a 4 ejes: perspectiva de g\u00e9nero, marco normativo, la situaci\u00f3n de violencia de g\u00e9nero como problem\u00e1tica social y el rol del Estado para el cumplimiento de esa normativa.<\/p>\n<p>En el primer encuentro la Dra. Brunotto present\u00f3 la Ley Micaela N\u00b0 27.499 y habl\u00f3 de los derechos de las mujeres. Adem\u00e1s, agradeci\u00f3 la realizaci\u00f3n de esta actividad en el \u00e1mbito de la Facultad. Cabe destacar que estuvo acompa\u00f1ada por la <strong>Lic. Marcia Albornoz<\/strong>, quien se refiri\u00f3 a los derechos de la comunidad LGBTQ+.<\/p>\n<p>Por su parte, el Decano de nuestra Casa de Estudios, <strong>Mg. Jos\u00e9 Luis Jim\u00e9nez<\/strong>, dio<\/p>\n<p><img decoding=\"async\" loading=\"lazy\" class=\"wp-image-11738  aligncenter\" src=\"https:\/\/face.unt.edu.ar\/web\/wp-content\/uploads\/2021\/05\/5-e1620398163489-300x118.jpg\" alt=\"\" width=\"536\" height=\"210\" srcset=\"https:\/\/face.unt.edu.ar\/web\/wp-content\/uploads\/2021\/05\/5-e1620398163489-300x118.jpg 300w, https:\/\/face.unt.edu.ar\/web\/wp-content\/uploads\/2021\/05\/5-e1620398163489-1024x404.jpg 1024w, https:\/\/face.unt.edu.ar\/web\/wp-content\/uploads\/2021\/05\/5-e1620398163489-768x303.jpg 768w, https:\/\/face.unt.edu.ar\/web\/wp-content\/uploads\/2021\/05\/5-e1620398163489-1068x421.jpg 1068w, https:\/\/face.unt.edu.ar\/web\/wp-content\/uploads\/2021\/05\/5-e1620398163489-1065x420.jpg 1065w, https:\/\/face.unt.edu.ar\/web\/wp-content\/uploads\/2021\/05\/5-e1620398163489.jpg 1359w\" sizes=\"(max-width: 536px) 100vw, 536px\" \/><\/p>\n<p>la bienvenida a los presentes y agradeci\u00f3 a la Dra. Erica Brunotto y a la Ministra, <strong>Dra. Carolina Vargas Aignasse<\/strong>, la posibilidad de realizar esta capacitaci\u00f3n en la que participan autoridades, integrantes del gabinete, coordinadores, directores de Institutos y directores de los departamentos de personal Nodocente de nuestra Facultad. Adem\u00e1s, Graciela Navarro, secretaria de G\u00e9nero del gremio APUNT y Patricia Leiva secretaria de Capacitaci\u00f3n, del mismo gremio.<\/p>\n<p><img decoding=\"async\" loading=\"lazy\" class=\" wp-image-11739 aligncenter\" src=\"https:\/\/face.unt.edu.ar\/web\/wp-content\/uploads\/2021\/05\/7-300x117.jpg\" alt=\"\" width=\"552\" height=\"215\" srcset=\"https:\/\/face.unt.edu.ar\/web\/wp-content\/uploads\/2021\/05\/7-300x117.jpg 300w, https:\/\/face.unt.edu.ar\/web\/wp-content\/uploads\/2021\/05\/7-1024x400.jpg 1024w, https:\/\/face.unt.edu.ar\/web\/wp-content\/uploads\/2021\/05\/7-768x300.jpg 768w, https:\/\/face.unt.edu.ar\/web\/wp-content\/uploads\/2021\/05\/7-696x272.jpg 696w, https:\/\/face.unt.edu.ar\/web\/wp-content\/uploads\/2021\/05\/7-1068x417.jpg 1068w, https:\/\/face.unt.edu.ar\/web\/wp-content\/uploads\/2021\/05\/7-1076x420.jpg 1076w, https:\/\/face.unt.edu.ar\/web\/wp-content\/uploads\/2021\/05\/7.jpg 1361w\" sizes=\"(max-width: 552px) 100vw, 552px\" \/><\/p>\n","protected":false},"excerpt":{"rendered":"<p>El pasado jueves, iniciaron las Jornadas online de Capacitaci\u00f3n que se dictan en la Facultad de Ciencias Econ\u00f3micas de la UNT, en el marco de la Ley Micaela. Las mismas est\u00e1n a cargo de la Dra. Erica Brunotto, secretaria de Derechos Humanos y Justicia, del Ministerio de Gobierno y Justicia de la Provincia. La Dra. [&hellip;]<\/p>\n","protected":false},"author":2,"featured_media":11741,"comment_status":"open","ping_status":"open","sticky":false,"template":"","format":"standard","meta":{"_et_pb_use_builder":"","_et_pb_old_content":"","_et_gb_content_width":"","footnotes":""},"categories":[4],"tags":[434,764,773,389,386,762,772,774,771,763],"_links":{"self":[{"href":"https:\/\/face.unt.edu.ar\/web\/wp-json\/wp\/v2\/posts\/11736"}],"collection":[{"href":"https:\/\/face.unt.edu.ar\/web\/wp-json\/wp\/v2\/posts"}],"about":[{"href":"https:\/\/face.unt.edu.ar\/web\/wp-json\/wp\/v2\/types\/post"}],"author":[{"embeddable":true,"href":"https:\/\/face.unt.edu.ar\/web\/wp-json\/wp\/v2\/users\/2"}],"replies":[{"embeddable":true,"href":"https:\/\/face.unt.edu.ar\/web\/wp-json\/wp\/v2\/comments?post=11736"}],"version-history":[{"count":4,"href":"https:\/\/face.unt.edu.ar\/web\/wp-json\/wp\/v2\/posts\/11736\/revisions"}],"predecessor-version":[{"id":11744,"href":"https:\/\/face.unt.edu.ar\/web\/wp-json\/wp\/v2\/posts\/11736\/revisions\/11744"}],"wp:featuredmedia":[{"embeddable":true,"href":"https:\/\/face.unt.edu.ar\/web\/wp-json\/wp\/v2\/media\/11741"}],"wp:attachment":[{"href":"https:\/\/face.unt.edu.ar\/web\/wp-json\/wp\/v2\/media?parent=11736"}],"wp:term":[{"taxonomy":"category","embeddable":true,"href":"https:\/\/face.unt.edu.ar\/web\/wp-json\/wp\/v2\/categories?post=11736"},{"taxonomy":"post_tag","embeddable":true,"href":"https:\/\/face.unt.edu.ar\/web\/wp-json\/wp\/v2\/tags?post=11736"}],"curies":[{"name":"wp","href":"https:\/\/api.w.org\/{rel}","templated":true}]}}