{"id":11826,"date":"2021-06-10T14:30:23","date_gmt":"2021-06-10T14:30:23","guid":{"rendered":"https:\/\/face.unt.edu.ar\/web\/?p=11826"},"modified":"2021-06-10T14:30:23","modified_gmt":"2021-06-10T14:30:23","slug":"curso-inferencia-estadistica-i-con-credito-para-posgrado","status":"publish","type":"post","link":"https:\/\/face.unt.edu.ar\/web\/blog\/curso-inferencia-estadistica-i-con-credito-para-posgrado\/","title":{"rendered":"Curso \u201cInferencia Estad\u00edstica I\u201d, con cr\u00e9dito para posgrado"},"content":{"rendered":"<p>Se realizar\u00e1 el <strong>Curso\u00a0de Posgrado\u00a0\u201cInferencia Estad\u00edstica I\u201d\u00a0con cr\u00e9dito para posgrado<\/strong>, a cargo de la Profesora <strong>M.Sc. Mar\u00eda Isabel Giannini<\/strong>, organizado por el Instituto de Investigaciones Estad\u00edsticas (INIE) de nuestra Facultad, en el marco de la Maestr\u00eda en Estad\u00edstica Aplicada.<\/p>\n<p>El Curso se dictar\u00e1 los d\u00edas <strong>viernes y s\u00e1bados, del 11 de junio al 10 de julio de 2021<\/strong>.<\/p>\n<p>La primera semana ser\u00e1 el viernes 11\/06 de 15:00 a 17:30 horas y el s\u00e1bado 12\/06 de 8:30 a 11:00 horas.<\/p>\n<p>En las siguientes semanas, el dictado ser\u00e1 los viernes de 15 a 20 horas y los s\u00e1bados de 8:30 a 13:30.<\/p>\n<p>Para m\u00e1s informaci\u00f3n, los interesados pueden comunicarse con el Instituto de Investigaciones Estad\u00edsticas (INIE), por email:\u00a0<strong><a href=\"mailto:inie@herrera.unt.edu.ar\">inie@herrera.unt.edu.ar<\/a><\/strong>.<\/p>\n<p><strong><a href=\"https:\/\/drive.google.com\/file\/d\/1LqWFJCykTfXwzvZCxbQ0D-xPIOZPt2A5\/view?usp=sharing\" target=\"_blank\" rel=\"noopener\">Para ver la descripci\u00f3n del Curso hacer clic aqu\u00ed.\u00a0<\/a><\/strong><\/p>\n<p>&nbsp;<\/p>\n","protected":false},"excerpt":{"rendered":"<p>Se realizar\u00e1 el Curso\u00a0de Posgrado\u00a0\u201cInferencia Estad\u00edstica I\u201d\u00a0con cr\u00e9dito para posgrado, a cargo de la Profesora M.Sc. Mar\u00eda Isabel Giannini, organizado por el Instituto de Investigaciones Estad\u00edsticas (INIE) de nuestra Facultad, en el marco de la Maestr\u00eda en Estad\u00edstica Aplicada. El Curso se dictar\u00e1 los d\u00edas viernes y s\u00e1bados, del 11 de junio al 10 de [&hellip;]<\/p>\n","protected":false},"author":2,"featured_media":11827,"comment_status":"open","ping_status":"open","sticky":false,"template":"","format":"standard","meta":{"_et_pb_use_builder":"","_et_pb_old_content":"","_et_gb_content_width":"","footnotes":""},"categories":[4,5],"tags":[610,423],"_links":{"self":[{"href":"https:\/\/face.unt.edu.ar\/web\/wp-json\/wp\/v2\/posts\/11826"}],"collection":[{"href":"https:\/\/face.unt.edu.ar\/web\/wp-json\/wp\/v2\/posts"}],"about":[{"href":"https:\/\/face.unt.edu.ar\/web\/wp-json\/wp\/v2\/types\/post"}],"author":[{"embeddable":true,"href":"https:\/\/face.unt.edu.ar\/web\/wp-json\/wp\/v2\/users\/2"}],"replies":[{"embeddable":true,"href":"https:\/\/face.unt.edu.ar\/web\/wp-json\/wp\/v2\/comments?post=11826"}],"version-history":[{"count":1,"href":"https:\/\/face.unt.edu.ar\/web\/wp-json\/wp\/v2\/posts\/11826\/revisions"}],"predecessor-version":[{"id":11828,"href":"https:\/\/face.unt.edu.ar\/web\/wp-json\/wp\/v2\/posts\/11826\/revisions\/11828"}],"wp:featuredmedia":[{"embeddable":true,"href":"https:\/\/face.unt.edu.ar\/web\/wp-json\/wp\/v2\/media\/11827"}],"wp:attachment":[{"href":"https:\/\/face.unt.edu.ar\/web\/wp-json\/wp\/v2\/media?parent=11826"}],"wp:term":[{"taxonomy":"category","embeddable":true,"href":"https:\/\/face.unt.edu.ar\/web\/wp-json\/wp\/v2\/categories?post=11826"},{"taxonomy":"post_tag","embeddable":true,"href":"https:\/\/face.unt.edu.ar\/web\/wp-json\/wp\/v2\/tags?post=11826"}],"curies":[{"name":"wp","href":"https:\/\/api.w.org\/{rel}","templated":true}]}}