{"id":11887,"date":"2021-06-28T16:30:28","date_gmt":"2021-06-28T16:30:28","guid":{"rendered":"https:\/\/face.unt.edu.ar\/web\/?p=11887"},"modified":"2021-06-28T15:34:48","modified_gmt":"2021-06-28T15:34:48","slug":"reunion-de-discusion-sobre-religion-y-economia","status":"publish","type":"post","link":"https:\/\/face.unt.edu.ar\/web\/blog\/reunion-de-discusion-sobre-religion-y-economia\/","title":{"rendered":"Reuni\u00f3n de discusi\u00f3n sobre religi\u00f3n y econom\u00eda"},"content":{"rendered":"<p>Este <strong>martes 29 de junio<\/strong> se realizar\u00e1 la Reuni\u00f3n de Discusi\u00f3n <strong>\u00abReligi\u00f3n y econom\u00eda. Una exploraci\u00f3n de las relaciones entre religi\u00f3n y bienestar material en Argentina\u00bb<\/strong>, a cargo de los estudiantes de la Licenciatura en Econom\u00eda, <strong>Jer\u00f3nimo Mart\u00ednez \u00a0Prada y Jos\u00e9 Adri\u00e1n Berchovich. <\/strong><\/p>\n<p>Ser\u00e1 desde las <strong>17:00 horas, con modalidad online<\/strong>.<\/p>\n<p><strong>Link de acceso: <a href=\"http:\/\/meet.google.com\/eiw-ufsw-eyy\" target=\"_blank\" rel=\"noopener\">meet.google.com\/nnx-qkhe-jeu<\/a><\/strong><\/p>\n<p><strong>Resumen<\/strong><\/p>\n<p>En su trabajo de investigaci\u00f3n Jer\u00f3nimo Mart\u00ednez Parada y Jos\u00e9 Adrian Bercovich\u00a0eval\u00faan, en el caso argentino reciente, la relaci\u00f3n existente entre la religi\u00f3n, y el desempe\u00f1o econ\u00f3mico de las personas. Nos preguntamos si existen diferencias sistem\u00e1ticas en el desempe\u00f1o econ\u00f3mico entre creyentes y no creyentes y, dentro del grupo de creyentes entre distintos grupos clasificados por su religi\u00f3n y por \u00a0el valor que le asignan a su creencia. En nuestro trabajo utilizamos los datos de una encuesta comandada por el Pew Research Center en 2013 y 2014 en Latinoam\u00e9rica para evaluar nuestras inc\u00f3gnitas (The ARDA, 2014). Utilizamos espec\u00edficamente los datos obtenidos para Argentina en el denominado periodo de tiempo.\u00a0 En conjunto, estos resultados sugieren que en la actualidad o en la historia reciente en nuestro pa\u00eds la religi\u00f3n podr\u00eda estar vinculada con aspectos econ\u00f3micos de la vida individual. Aunque en principio la asociaci\u00f3n que encontramos es negativa, el \u00a0an\u00e1lisis por grupos religiosos indica que la relaci\u00f3n entre religi\u00f3n y estatus socioecon\u00f3mico puede diferir seg\u00fan sea la religi\u00f3n que se profesa.<\/p>\n<p>La directora del proyecto es la <strong>Lic.\u00a0Beatriz\u00a0\u00c1lvarez<\/strong>.<\/p>\n<p>Organiza el Instituto de Investigaciones Econ\u00f3micas de nuestra Facultad.<\/p>\n<p>&nbsp;<\/p>\n<p>&nbsp;<\/p>\n","protected":false},"excerpt":{"rendered":"<p>Este martes 29 de junio se realizar\u00e1 la Reuni\u00f3n de Discusi\u00f3n \u00abReligi\u00f3n y econom\u00eda. Una exploraci\u00f3n de las relaciones entre religi\u00f3n y bienestar material en Argentina\u00bb, a cargo de los estudiantes de la Licenciatura en Econom\u00eda, Jer\u00f3nimo Mart\u00ednez \u00a0Prada y Jos\u00e9 Adri\u00e1n Berchovich. Ser\u00e1 desde las 17:00 horas, con modalidad online. Link de acceso: meet.google.com\/nnx-qkhe-jeu [&hellip;]<\/p>\n","protected":false},"author":2,"featured_media":11888,"comment_status":"open","ping_status":"open","sticky":false,"template":"","format":"standard","meta":{"_et_pb_use_builder":"","_et_pb_old_content":"","_et_gb_content_width":"","footnotes":""},"categories":[4],"tags":[430],"_links":{"self":[{"href":"https:\/\/face.unt.edu.ar\/web\/wp-json\/wp\/v2\/posts\/11887"}],"collection":[{"href":"https:\/\/face.unt.edu.ar\/web\/wp-json\/wp\/v2\/posts"}],"about":[{"href":"https:\/\/face.unt.edu.ar\/web\/wp-json\/wp\/v2\/types\/post"}],"author":[{"embeddable":true,"href":"https:\/\/face.unt.edu.ar\/web\/wp-json\/wp\/v2\/users\/2"}],"replies":[{"embeddable":true,"href":"https:\/\/face.unt.edu.ar\/web\/wp-json\/wp\/v2\/comments?post=11887"}],"version-history":[{"count":1,"href":"https:\/\/face.unt.edu.ar\/web\/wp-json\/wp\/v2\/posts\/11887\/revisions"}],"predecessor-version":[{"id":11889,"href":"https:\/\/face.unt.edu.ar\/web\/wp-json\/wp\/v2\/posts\/11887\/revisions\/11889"}],"wp:featuredmedia":[{"embeddable":true,"href":"https:\/\/face.unt.edu.ar\/web\/wp-json\/wp\/v2\/media\/11888"}],"wp:attachment":[{"href":"https:\/\/face.unt.edu.ar\/web\/wp-json\/wp\/v2\/media?parent=11887"}],"wp:term":[{"taxonomy":"category","embeddable":true,"href":"https:\/\/face.unt.edu.ar\/web\/wp-json\/wp\/v2\/categories?post=11887"},{"taxonomy":"post_tag","embeddable":true,"href":"https:\/\/face.unt.edu.ar\/web\/wp-json\/wp\/v2\/tags?post=11887"}],"curies":[{"name":"wp","href":"https:\/\/api.w.org\/{rel}","templated":true}]}}